{"id":6114,"date":"2019-02-01T06:03:57","date_gmt":"2019-02-01T05:03:57","guid":{"rendered":"http:\/\/www.studiogera.de\/001\/?p=6114"},"modified":"2019-02-01T02:32:41","modified_gmt":"2019-02-01T01:32:41","slug":"faschingskonzert-in-gera-und-altenburg","status":"publish","type":"post","link":"https:\/\/www.studiogera.de\/001\/2019\/02\/01\/faschingskonzert-in-gera-und-altenburg\/","title":{"rendered":"FASCHINGSKONZERT IN GERA UND ALTENBURG"},"content":{"rendered":"\n<p>Im Theater in Altenburg und Gera hat das launige Konzert in der Faschingszeit lange Tradition. In diesem Jahr wird dazu am Sonntag, den 3. Februar, 14.30 Uhr, und nochmal um 18 Uhr ins Gro\u00dfe Haus des Altenburger Landestheaters eingeladen. Eine weitere Vorstellung folgt am Samstag, den 9. Februar, 19.30 Uhr, auf der B\u00fchne am Park des Geraer Theaters, die jedoch schon fast ausverkauft ist.<\/p>\n\n\n\n<p>Unter dem Motto \u201eDer N\u00e4chste bitte!\u201c wird der Saal zur Kurklinik und das Philharmonische Orchester Altenburg-Gera zur Kurkapelle. Der Kurklinikdirektor (Kapellmeister Thomas Wicklein) muss sich mit der Krankenkasse und ihrem Vertreter (Geiger Martin Groskopff) herumschlagen, doch die Oberschwester (Moderator Karl Karliczek) eilt zur Hilfe. W\u00e4hrenddessen mischen die anderen Krankenschwestern und die Patienten (S\u00e4ngerensemble mit Miriam Zubieta, Claudia M\u00fcller, Timo R\u00f6\u00dfner und Kai Wefer) den Klinikalltag ordentlich auf. Man kann gespannt sein, wie der Klinikchef die verr\u00fcckte Meute in Schach h\u00e4lt und mit seiner Musiktherapie behandelt.<br>\nAuch die Konzertbesucher werden in der musikalischen Kurklinik von ihrem Alltagsstress kuriert und erleben die heilende Wirkung der Musik und des Lachens, denn das ist ja bekanntlich die beste Medizin.<\/p>\n\n\n\n<p>Eintrittskarten sind an der Theaterkasse erh\u00e4ltlich. Sie k\u00f6nnen telefonisch unter der Rufnummer 0365 8279105 bzw. 03447 585177 sowie \u00fcber www.tpthueringen.de reserviert werden.<\/p>\n\n\n\n<p>QUELLE: THEATER UND PHILHARMONIE TH\u00dcRINGEN GMBH<\/p>\n","protected":false},"excerpt":{"rendered":"<div class=\"mh-excerpt\"><p>Im Theater in Altenburg und Gera hat das launige Konzert in der Faschingszeit lange Tradition. In diesem Jahr wird dazu am Sonntag, den 3. Februar, 14.30 Uhr, und nochmal um 18 Uhr ins Gro\u00dfe Haus <a class=\"mh-excerpt-more\" href=\"https:\/\/www.studiogera.de\/001\/2019\/02\/01\/faschingskonzert-in-gera-und-altenburg\/\" title=\"FASCHINGSKONZERT IN GERA UND ALTENBURG\">[&#8230;]<\/a><\/p>\n<\/div>","protected":false},"author":2,"featured_media":6115,"comment_status":"open","ping_status":"open","sticky":false,"template":"","format":"standard","meta":{"footnotes":""},"categories":[15],"tags":[],"class_list":{"0":"post-6114","1":"post","2":"type-post","3":"status-publish","4":"format-standard","5":"has-post-thumbnail","7":"category-theater"},"_links":{"self":[{"href":"https:\/\/www.studiogera.de\/001\/wp-json\/wp\/v2\/posts\/6114","targetHints":{"allow":["GET"]}}],"collection":[{"href":"https:\/\/www.studiogera.de\/001\/wp-json\/wp\/v2\/posts"}],"about":[{"href":"https:\/\/www.studiogera.de\/001\/wp-json\/wp\/v2\/types\/post"}],"author":[{"embeddable":true,"href":"https:\/\/www.studiogera.de\/001\/wp-json\/wp\/v2\/users\/2"}],"replies":[{"embeddable":true,"href":"https:\/\/www.studiogera.de\/001\/wp-json\/wp\/v2\/comments?post=6114"}],"version-history":[{"count":1,"href":"https:\/\/www.studiogera.de\/001\/wp-json\/wp\/v2\/posts\/6114\/revisions"}],"predecessor-version":[{"id":6116,"href":"https:\/\/www.studiogera.de\/001\/wp-json\/wp\/v2\/posts\/6114\/revisions\/6116"}],"wp:featuredmedia":[{"embeddable":true,"href":"https:\/\/www.studiogera.de\/001\/wp-json\/wp\/v2\/media\/6115"}],"wp:attachment":[{"href":"https:\/\/www.studiogera.de\/001\/wp-json\/wp\/v2\/media?parent=6114"}],"wp:term":[{"taxonomy":"category","embeddable":true,"href":"https:\/\/www.studiogera.de\/001\/wp-json\/wp\/v2\/categories?post=6114"},{"taxonomy":"post_tag","embeddable":true,"href":"https:\/\/www.studiogera.de\/001\/wp-json\/wp\/v2\/tags?post=6114"}],"curies":[{"name":"wp","href":"https:\/\/api.w.org\/{rel}","templated":true}]}}