{"id":6121,"date":"2019-02-01T12:38:01","date_gmt":"2019-02-01T11:38:01","guid":{"rendered":"http:\/\/www.studiogera.de\/001\/?p=6121"},"modified":"2019-02-01T12:38:03","modified_gmt":"2019-02-01T11:38:03","slug":"anmeldeschluss-fuer-musik-spezialklassen-im-rutheneum","status":"publish","type":"post","link":"https:\/\/www.studiogera.de\/001\/2019\/02\/01\/anmeldeschluss-fuer-musik-spezialklassen-im-rutheneum\/","title":{"rendered":"ANMELDESCHLUSS F\u00dcR MUSIK-SPEZIALKLASSEN IM RUTHENEUM"},"content":{"rendered":"\n<p>Interessenten f\u00fcr die seit nunmehr fast 30 Jahren existierenden Musikspezialklassen am Rutheneum k\u00f6nnen sich noch bis zum 22. Februar 2019 bei der dortigen Schulleiterin, Frau Silvia Wallstabe, Nicolaiberg 6, formlos anmelden. <br> Im Zeitraum vom 28. bis 30. M\u00e4rz 2019 finden die Eignungspr\u00fcfungen statt. Bewerben k\u00f6nnen sich alle Sch\u00fcler der jetzigen Klassen 8, in Ausnahmef\u00e4llen Klassen 9 und 10, f\u00fcr einen Platz zum n\u00e4chsten Schuljahr. Neben einem selbst gew\u00e4hlten Lied, das a cappella vorgetragen wird und einem Werk, mit dem der Pr\u00fcfling sein Instrument vorstellt, werden Grundfertigkeiten in Musiktheorie und Geh\u00f6rbildung getestet. Es gibt aber auch Sch\u00fcler, die erst mit dem Eintritt in die Spezialklassen ein Instrument erlernen. F\u00fcr Ausw\u00e4rtige existiert ein schuleigenes Internat. Weitere Informationen sind jederzeit per telefonischer Absprache (0365 24101 bzw. 0365 22494) oder \u00fcber die Seite des Gymnasiums www.gymnasium-rutheneum.de m\u00f6glich.<\/p>\n\n\n\n<p>QUELLE: STADTVERWALTUNG\/RUTHENEUM\/RALF RUNGE<\/p>\n","protected":false},"excerpt":{"rendered":"<div class=\"mh-excerpt\"><p>Interessenten f\u00fcr die seit nunmehr fast 30 Jahren existierenden Musikspezialklassen am Rutheneum k\u00f6nnen sich noch bis zum 22. Februar 2019 bei der dortigen Schulleiterin, Frau Silvia Wallstabe, Nicolaiberg 6, formlos anmelden. Im Zeitraum vom 28. <a class=\"mh-excerpt-more\" href=\"https:\/\/www.studiogera.de\/001\/2019\/02\/01\/anmeldeschluss-fuer-musik-spezialklassen-im-rutheneum\/\" title=\"ANMELDESCHLUSS F\u00dcR MUSIK-SPEZIALKLASSEN IM RUTHENEUM\">[&#8230;]<\/a><\/p>\n<\/div>","protected":false},"author":2,"featured_media":6122,"comment_status":"open","ping_status":"open","sticky":false,"template":"","format":"standard","meta":{"footnotes":""},"categories":[16],"tags":[],"class_list":{"0":"post-6121","1":"post","2":"type-post","3":"status-publish","4":"format-standard","5":"has-post-thumbnail","7":"category-kurzmitteilungen"},"_links":{"self":[{"href":"https:\/\/www.studiogera.de\/001\/wp-json\/wp\/v2\/posts\/6121","targetHints":{"allow":["GET"]}}],"collection":[{"href":"https:\/\/www.studiogera.de\/001\/wp-json\/wp\/v2\/posts"}],"about":[{"href":"https:\/\/www.studiogera.de\/001\/wp-json\/wp\/v2\/types\/post"}],"author":[{"embeddable":true,"href":"https:\/\/www.studiogera.de\/001\/wp-json\/wp\/v2\/users\/2"}],"replies":[{"embeddable":true,"href":"https:\/\/www.studiogera.de\/001\/wp-json\/wp\/v2\/comments?post=6121"}],"version-history":[{"count":1,"href":"https:\/\/www.studiogera.de\/001\/wp-json\/wp\/v2\/posts\/6121\/revisions"}],"predecessor-version":[{"id":6123,"href":"https:\/\/www.studiogera.de\/001\/wp-json\/wp\/v2\/posts\/6121\/revisions\/6123"}],"wp:featuredmedia":[{"embeddable":true,"href":"https:\/\/www.studiogera.de\/001\/wp-json\/wp\/v2\/media\/6122"}],"wp:attachment":[{"href":"https:\/\/www.studiogera.de\/001\/wp-json\/wp\/v2\/media?parent=6121"}],"wp:term":[{"taxonomy":"category","embeddable":true,"href":"https:\/\/www.studiogera.de\/001\/wp-json\/wp\/v2\/categories?post=6121"},{"taxonomy":"post_tag","embeddable":true,"href":"https:\/\/www.studiogera.de\/001\/wp-json\/wp\/v2\/tags?post=6121"}],"curies":[{"name":"wp","href":"https:\/\/api.w.org\/{rel}","templated":true}]}}