{"id":6126,"date":"2019-02-06T11:52:21","date_gmt":"2019-02-06T10:52:21","guid":{"rendered":"http:\/\/www.studiogera.de\/001\/?p=6126"},"modified":"2019-02-06T11:52:23","modified_gmt":"2019-02-06T10:52:23","slug":"geraer-musikschueler-triumphieren-bei-jugend-musiziert","status":"publish","type":"post","link":"https:\/\/www.studiogera.de\/001\/2019\/02\/06\/geraer-musikschueler-triumphieren-bei-jugend-musiziert\/","title":{"rendered":"GERAER MUSIKSCH\u00dcLER TRIUMPHIEREN BEI &#8222;JUGEND MUSIZIERT&#8220;"},"content":{"rendered":"\n<p>Am vergangenen Wochenende fand der Regionalausscheid \u201eJugend musiziert\u201c in Jena statt. \u00dcber 120 junge Musikanten aus der Region Ostth\u00fcringen nahmen die Herausforderung der in diesem Jahr ausgeschriebenen Solo- und Kammermusikwertungen an und bereiteten in den letzten Monaten anspruchsvolle Programme mit Instrument und Stimme vor.<\/p>\n\n\n\n<p>Am Ende freuten sich das Duo Pia Kneisel\/Klavier und Johannes Deutsch\/Klarinette in der Altersgruppe 4 sowie das Ensemble \u201eSix Ajoutee\u201c in der Wertung \u201eoffene Kammermusik\u201c in der Altersgruppe 5 \u00fcber den Erhalt eines ersten Preises mit Weiterleitung zum Landeswettbewerb. Die M\u00f6glichkeit des Auswertungsgespr\u00e4ches nahmen beide Ensembles mit ihren Lehrerinnen wahr. Frau Steinh\u00f6fel, Frau Tupaika sowie Frau Franke, Frau Stillmark und Frau M\u00fcller waren sich einig, dass die anschlie\u00dfende Kommunikation mit der Fachjury wertvolle Tipps f\u00fcr die weitere musikalische Interpretation der Programme beinhaltete. Ab dieser Woche stehen Detailproben f\u00fcr den Landeswettbewerb auf dem Zeitplan der Jugendlichen. Dieser findet vom 22. bis 24. M\u00e4rz 2019 in Gotha statt.<\/p>\n\n\n\n<p>Neuland war das Wettbewerbsgeschehen f\u00fcr die jungen Talente im Fach Violine, Altersgruppe 1b: Daniela-Alina Birta und Adeline Dedkov freuten sich mit ihrer Lehrerin Frau Leich und Korrepetitorin Frau Mohn-Engel \u00fcber erste Preise. Jonas K\u00f6hler erreichte einen zweiten Preis und erlebte mit Lehrer Herr Wiegand und Klavierbegleiter Herr Stielau seine erste Teilnahme an einem Wettbewerb. Wissbegierig verlief auch die Vorbereitung der drei Cellisten aus Gera. Bereits erfahren aus Wettbewerben der vergangenen Jahre erhielten die Duos Jan Kraus\/Cello und Filip Kraus\/Klavier sowie Henrick Wei\u00df\/Cello und Theo Hauser\/Klavier ebenfalls erste Preise in Altersgruppe 2. Auch Emily Waldenmaier\/Cello in Altersgruppe 3 \u00fcberzeugte die Juroren mit einem vielseitigen musikalischen Auftritt und erlangte einen erstem Preis. Die Cellolehrer Frau Formella und Lehrer Herr Clavijo sowie Klavierlehrerin Frau Steinh\u00f6fel und Korrepetitorin Frau Mohn-Engel sehen den erfolgreichen Wettbewerbsauftritt als wichtigen Schritt f\u00fcr die weitere musikalische Entwicklung ihrer Sch\u00fctzlinge an.<\/p>\n\n\n\n<p>Die 19 Teilnehmer der Musikschule \u201eHeinrich Sch\u00fctz\u201c stellten sich traditionell im Januar zun\u00e4chst in drei Vorbereitungskonzerten dem Publikum im Friederici-Saal der Musikschule Gera vor. Das Publikum nahm die Spannung im Vortrag der Musikanten wahr. Gleichzeitig freute es sich mit den Musiksch\u00fclern und deren Lehrern \u00fcber den Leistungsanstieg von Konzert zu Konzert. Wachsendes Selbstvertrauen, Spielfreude und Engagement gesellten sich zum hohen musikalisch-technischen Leistungsniveau der Teilnehmer.<\/p>\n\n\n\n<p>QUELLE: STADTVERWALTUNG<\/p>\n","protected":false},"excerpt":{"rendered":"<div class=\"mh-excerpt\"><p>Am vergangenen Wochenende fand der Regionalausscheid \u201eJugend musiziert\u201c in Jena statt. \u00dcber 120 junge Musikanten aus der Region Ostth\u00fcringen nahmen die Herausforderung der in diesem Jahr ausgeschriebenen Solo- und Kammermusikwertungen an und bereiteten in den <a class=\"mh-excerpt-more\" href=\"https:\/\/www.studiogera.de\/001\/2019\/02\/06\/geraer-musikschueler-triumphieren-bei-jugend-musiziert\/\" title=\"GERAER MUSIKSCH\u00dcLER TRIUMPHIEREN BEI &#8222;JUGEND MUSIZIERT&#8220;\">[&#8230;]<\/a><\/p>\n<\/div>","protected":false},"author":2,"featured_media":6127,"comment_status":"open","ping_status":"open","sticky":false,"template":"","format":"standard","meta":{"footnotes":""},"categories":[8],"tags":[],"class_list":{"0":"post-6126","1":"post","2":"type-post","3":"status-publish","4":"format-standard","5":"has-post-thumbnail","7":"category-kultur"},"_links":{"self":[{"href":"https:\/\/www.studiogera.de\/001\/wp-json\/wp\/v2\/posts\/6126","targetHints":{"allow":["GET"]}}],"collection":[{"href":"https:\/\/www.studiogera.de\/001\/wp-json\/wp\/v2\/posts"}],"about":[{"href":"https:\/\/www.studiogera.de\/001\/wp-json\/wp\/v2\/types\/post"}],"author":[{"embeddable":true,"href":"https:\/\/www.studiogera.de\/001\/wp-json\/wp\/v2\/users\/2"}],"replies":[{"embeddable":true,"href":"https:\/\/www.studiogera.de\/001\/wp-json\/wp\/v2\/comments?post=6126"}],"version-history":[{"count":1,"href":"https:\/\/www.studiogera.de\/001\/wp-json\/wp\/v2\/posts\/6126\/revisions"}],"predecessor-version":[{"id":6128,"href":"https:\/\/www.studiogera.de\/001\/wp-json\/wp\/v2\/posts\/6126\/revisions\/6128"}],"wp:featuredmedia":[{"embeddable":true,"href":"https:\/\/www.studiogera.de\/001\/wp-json\/wp\/v2\/media\/6127"}],"wp:attachment":[{"href":"https:\/\/www.studiogera.de\/001\/wp-json\/wp\/v2\/media?parent=6126"}],"wp:term":[{"taxonomy":"category","embeddable":true,"href":"https:\/\/www.studiogera.de\/001\/wp-json\/wp\/v2\/categories?post=6126"},{"taxonomy":"post_tag","embeddable":true,"href":"https:\/\/www.studiogera.de\/001\/wp-json\/wp\/v2\/tags?post=6126"}],"curies":[{"name":"wp","href":"https:\/\/api.w.org\/{rel}","templated":true}]}}