{"id":6129,"date":"2019-02-06T11:54:25","date_gmt":"2019-02-06T10:54:25","guid":{"rendered":"http:\/\/www.studiogera.de\/001\/?p=6129"},"modified":"2019-02-06T11:54:27","modified_gmt":"2019-02-06T10:54:27","slug":"gehoelzarbeiten-auf-dem-suedfriedhof","status":"publish","type":"post","link":"https:\/\/www.studiogera.de\/001\/2019\/02\/06\/gehoelzarbeiten-auf-dem-suedfriedhof\/","title":{"rendered":"GEH\u00d6LZARBEITEN AUF DEM S\u00dcDFRIEDHOF"},"content":{"rendered":"\n<p>Auf dem Gel\u00e4nde des S\u00fcdfriedhofs muss  der Baumbestand im Rahmen der Verkehrssicherungspflicht gepflegt werden. Die  Arbeiten umfassen Baumf\u00e4ll- und Baumschnittma\u00dfnahmen. Die damit beauftragte Firma wird mit den Arbeiten am 11. Februar 2019 beginnen. Dabei werden die  F\u00e4llarbeiten bis Ende Februar im Vordergrund stehen. Die Baumpflegearbeiten  erfolgen dann im Fr\u00fchjahr 2019.<\/p>\n\n\n\n<p>Eine Genehmigung der \nUnteren Denkmalschutzbeh\u00f6rde liegt vor.<\/p>\n\n\n\n<p>Die Stadt Gera bittet die \nFriedhofsbesucher um besondere Aufmerksamkeit und Beachtung der abgesperrten \nBereiche und Wege.<\/p>\n","protected":false},"excerpt":{"rendered":"<div class=\"mh-excerpt\"><p>Auf dem Gel\u00e4nde des S\u00fcdfriedhofs muss der Baumbestand im Rahmen der Verkehrssicherungspflicht gepflegt werden. Die Arbeiten umfassen Baumf\u00e4ll- und Baumschnittma\u00dfnahmen. Die damit beauftragte Firma wird mit den Arbeiten am 11. Februar 2019 beginnen. Dabei werden <a class=\"mh-excerpt-more\" href=\"https:\/\/www.studiogera.de\/001\/2019\/02\/06\/gehoelzarbeiten-auf-dem-suedfriedhof\/\" title=\"GEH\u00d6LZARBEITEN AUF DEM S\u00dcDFRIEDHOF\">[&#8230;]<\/a><\/p>\n<\/div>","protected":false},"author":2,"featured_media":1630,"comment_status":"open","ping_status":"open","sticky":false,"template":"","format":"standard","meta":{"footnotes":""},"categories":[16],"tags":[],"class_list":{"0":"post-6129","1":"post","2":"type-post","3":"status-publish","4":"format-standard","5":"has-post-thumbnail","7":"category-kurzmitteilungen"},"_links":{"self":[{"href":"https:\/\/www.studiogera.de\/001\/wp-json\/wp\/v2\/posts\/6129","targetHints":{"allow":["GET"]}}],"collection":[{"href":"https:\/\/www.studiogera.de\/001\/wp-json\/wp\/v2\/posts"}],"about":[{"href":"https:\/\/www.studiogera.de\/001\/wp-json\/wp\/v2\/types\/post"}],"author":[{"embeddable":true,"href":"https:\/\/www.studiogera.de\/001\/wp-json\/wp\/v2\/users\/2"}],"replies":[{"embeddable":true,"href":"https:\/\/www.studiogera.de\/001\/wp-json\/wp\/v2\/comments?post=6129"}],"version-history":[{"count":1,"href":"https:\/\/www.studiogera.de\/001\/wp-json\/wp\/v2\/posts\/6129\/revisions"}],"predecessor-version":[{"id":6130,"href":"https:\/\/www.studiogera.de\/001\/wp-json\/wp\/v2\/posts\/6129\/revisions\/6130"}],"wp:featuredmedia":[{"embeddable":true,"href":"https:\/\/www.studiogera.de\/001\/wp-json\/wp\/v2\/media\/1630"}],"wp:attachment":[{"href":"https:\/\/www.studiogera.de\/001\/wp-json\/wp\/v2\/media?parent=6129"}],"wp:term":[{"taxonomy":"category","embeddable":true,"href":"https:\/\/www.studiogera.de\/001\/wp-json\/wp\/v2\/categories?post=6129"},{"taxonomy":"post_tag","embeddable":true,"href":"https:\/\/www.studiogera.de\/001\/wp-json\/wp\/v2\/tags?post=6129"}],"curies":[{"name":"wp","href":"https:\/\/api.w.org\/{rel}","templated":true}]}}