{"id":6137,"date":"2019-02-08T14:02:45","date_gmt":"2019-02-08T13:02:45","guid":{"rendered":"http:\/\/www.studiogera.de\/001\/?p=6137"},"modified":"2019-02-08T14:02:47","modified_gmt":"2019-02-08T13:02:47","slug":"100-jahre-bauhaus-architektur-und-kunst-in-gera","status":"publish","type":"post","link":"https:\/\/www.studiogera.de\/001\/2019\/02\/08\/100-jahre-bauhaus-architektur-und-kunst-in-gera\/","title":{"rendered":"100 JAHRE BAUHAUS \u2013 ARCHITEKTUR UND KUNST IN GERA"},"content":{"rendered":"\n<p>Gera als die Stadt in Th\u00fcringen mit den meisten Denkmalen des Neuen Bauens der zwanziger Jahre des 20. Jahrhunderts begeht das einhundertste Bauhaus-Jubil\u00e4um mit einem umfangreichen und attraktiven Festprogramm.<\/p>\n\n\n\n<p>Neun Ausstellungsvorhaben, eine Konzertreihe, Mitmach-Projekte, Stadtrundfahrten und gef\u00fchrte Stadtrundg\u00e4nge bieten das ganze Jahr \u00fcber viele Gelegenheiten f\u00fcr G\u00e4ste und Einheimische, diesen gro\u00dfen Schatz an Architektur und Kunst zu erleben. <br>\nIm Zentrum der Feierlichkeiten stehen zwei Pers\u00f6nlichkeiten, die mit einem gro\u00dfen Anteil ihres Lebenswerkes die Stadt bereicherten: Der Architekt Thilo Schoder und der Bauhausk\u00fcnstler Kurt Schmidt. <br>\nBeiden sind jeweils gro\u00dfe Ausstellungsvorhaben gewidmet, bei denen die beteiligten Museen, die Kunstsammlung Gera\/Orangerie, das Museum f\u00fcr Angewandte Kunst Gera und das Haus Schulenburg konzeptionell zusammenarbeiteten. Auch das Theater Altenburg-Gera leistet mit einer am \u201eMechanischen Ballett\u201c von Kurt Schmidt orientierten Performance und den \u201eBildern einer Ausstellung\u201c von Kandinsky\/Mussorgsky einen wichtigen Beitrag zum Jubil\u00e4umsjahr in Th\u00fcringen und mit Gastspielen in Berlin, Dessau und Darmstadt. <br>\nAuch der Lehrer Thilo Schoders und Wegbereiter des Weimarer Bauhauses, Henry van der Velde, wird in dem von ihm geschaffenen Haus Schulenburg ausf\u00fchrlich gew\u00fcrdigt. <br>\nDer Kunstverein Gera e. V., dessen Vorg\u00e4ngerinstitution in den zwanziger Jahren bekannteste zeitgen\u00f6ssische K\u00fcnstler wie z. B. K\u00e4the Kollwitz und Paul Klee in Gera pr\u00e4sentierte, wird mit einer Ausstellung von vier zeitgen\u00f6ssischen Positionen seiner Tradition gerecht. <br>\nM\u00f6glichkeiten des aktiven Gestaltens bietet der Verein Kunstschule e. V. in verschiedenen Workshops und auch der Verein Kunstzone Gera e. V. beteiligt sich in seiner Freiluft-Galerie am gro\u00dfen Jubil\u00e4um. Die H\u00e4selburg &#8211; Neue Galerie f\u00fcr Zeitgen\u00f6ssische Kunst wird mit der vierteiligen Ausstellung \u201eBauhaus.Lines\u201c die Weiterentwicklung der Bauhaus-Konzepte in der Kunst des 20. und 21. Jahrhunderts betrachten. <br>\nEine Konzertreihe mit acht Kammerkonzerten wird schlie\u00dflich das Spannungsverh\u00e4ltnis von Bauhaus, Architektur und Musik auf eine besondere Weise in authentischen R\u00e4umen untersuchen. So entsteht ein vielfarbiges Kaleidoskop von bildender Kunst, Architektur und Musik, das die Zugeh\u00f6rigkeit Geras zu den wichtigen Kulturst\u00e4dten Deutschlands eindrucksvoll nachweist. <br>\n\u201eDieses umfangreiche Programm ist nur dank der guten Zusammenarbeit der st\u00e4dtischen Museen mit den privaten Institutionen Haus Schulenburg und H\u00e4selburg sowie Sponsoren, dem Freistaat Th\u00fcringen, den Vereinen und dem Theater Altenburg-Gera m\u00f6glich geworden. F\u00fcr diese Kooperation danke ich herzlich allen Beteiligten. Sie unterst\u00fctzt auch die Bem\u00fchungen um den Titel Kulturhauptstadt Europa 2025\u201c, so Oberb\u00fcrgermeister Julian Vonarb gegen\u00fcber der Presse.<\/p>\n\n\n\n<p><strong>AUSSTELLUNGEN UND VERANSTALTUNGEN IM BAUHAUS-JAHR 2019 IN GERA<\/strong><\/p>\n\n\n\n<p><strong>Ausstellung Kunstsammlung Gera, Orangerie<\/strong><\/p>\n\n\n\n<ul class=\"wp-block-list\"><li>\u201eIntermediale Experimente am Bauhaus. Kurt Schmidt und die Synthese der K\u00fcnste\u201c<\/li><li>Freitag, 22. M\u00e4rz, bis Montag, 10. Juni 2019<\/li><li>Kurator\/Projektverantwortlicher: Dr. Claudia Tittel<\/li><\/ul>\n\n\n\n<p><strong>B\u00fchnen der Stadt Gera<\/strong><\/p>\n\n\n\n<ul class=\"wp-block-list\"><li>\u201eDas Triadische Ballett\u201c<\/li><li>Gastspiel des Bayerischen Junior Ballett M\u00fcnchen<\/li><li>Freitag, 22. M\u00e4rz, 20 Uhr, Gro\u00dfes Haus<\/li><li>\u201eBilder einer Ausstellung\u201c<\/li><li>Eine Tanzperformance frei nach dem \u201eMechanischen Ballett\u201c <\/li><li>Samstag, 23. M\u00e4rz, 17 Uhr, B\u00fchne am Park<\/li><li>Freitag, 5. April, 20 Uhr, B\u00fchne am Park<\/li><li>Kurator\/Projektverantwortlicher: Jannike Schulte<\/li><\/ul>\n\n\n\n<p><strong>Austellungen Haus Schulenburg<\/strong><\/p>\n\n\n\n<ul class=\"wp-block-list\"><li>\u201eThilo Schoder, Sch\u00fcler und Freund Henry van der Veldes\u201c<\/li><li>Monzag, 14. Oktober 2018, bis 15. Februar 2020<\/li><li>Kurator\/Projektverantwortlicher: Dr. Volker Kielstein, Doris Weilandt<\/li><li>\u201eHenry van der Velde, Wegbereiter des Bauhauses und Grenzg\u00e4nger der Moderne\u201c<\/li><li>Freitag, 15. M\u00e4rz 2019, bis 15. Februar 2020<\/li><li>Kurator\/Projektverantwortlicher: Dr. Volker Kielstein<\/li><li>Georg Muche, Diaphane Malerei<\/li><li>Hundert Jahre Bauhaus &#8211; Hundert Exponate aus privaten Sammlungen<\/li><li>Sonntag, 12. Mai, bis Mittwoch, 30. Oktober 2019<\/li><li>Kurator\/Projektverantwortlicher: Dr. Volker Kielstein<\/li><\/ul>\n\n\n\n<p><strong>Ausstellungen im Museum f\u00fcr Angewandte Kunst<\/strong><\/p>\n\n\n\n<ul class=\"wp-block-list\"><li>\u201eThilo Schoder und Kollegen. Bauten der Moderne in Gera\u201c<\/li><li>Mittwoch, 3. Juli, bis Sonntag, 22. September 2019<\/li><li>Kurator\/Projektverantwortlicher: Doris Weilandt, Holger Saupe<\/li><li>\u201eAktuelles Design in Th\u00fcringen\u201c<\/li><li>Montag, 7. Oktober 2019, bis 29. Februar 2020<\/li><li>Kurator\/Projektverantwortlicher: Holger Saupe <\/li><\/ul>\n\n\n\n<p><strong>Ausstellung im Kunstverein Gera<\/strong><\/p>\n\n\n\n<ul class=\"wp-block-list\"><li>Die Summe seiner Teile &#8211; eine Ausstellung zum Bauhausjahr 2019<\/li><li>Donnerstag, 25. April, bis Samstag, 8. Juni 2019 <\/li><li>Kurator\/Projektverantwortlicher: Thomas Bender<\/li><\/ul>\n\n\n\n<p><strong>Freiluftgalerie Saller Carree, Verein Kunstzone<\/strong><\/p>\n\n\n\n<ul class=\"wp-block-list\"><li>\u201eBauhausjahr, zentrumsnah\u2026\u201c <\/li><li>ab Mai 2019<\/li><li>Kurator\/Projektverantwortlicher: Sven Schmidt <\/li><\/ul>\n\n\n\n<p><strong>Ausstellungen in der H\u00e4selburg, Neue Galerie f\u00fcr Zeitgen\u00f6ssische Kunst<\/strong><\/p>\n\n\n\n<ul class=\"wp-block-list\"><li>\u201eBauhaus.Lines\u201c, Ausstellungsserie<\/li><li>Freitag, 15. Februar, bis Dienstag, 31. Dezember 2019<\/li><li>Kurator\/Projektverantwortlicher: Dr. Claudia Tittel<\/li><\/ul>\n\n\n\n<p><strong>Konzertreihe: \u201eBauhausmusik<\/strong><\/p>\n\n\n\n<ul class=\"wp-block-list\"><li>acht Konzerte im Zeitraum 30. M\u00e4rz bis 8. November 2019 <\/li><li>einschlie\u00dflich Ausstellung \u201eWei\u00dfe Stadt Tel Aviv\u201c<br>\nund Jubil\u00e4um &#8222;90 Jahre Handelshof&#8220; im Hauptgeb\u00e4ude der Sparkasse<\/li><li>Kurator\/Projektverantwortlicher: Claudia Stillmark und Uwe M\u00fcller<\/li><\/ul>\n\n\n\n<p><strong>Stadtf\u00fchrungen zu Bauten der Moderne in Gera<\/strong><\/p>\n\n\n\n<ul class=\"wp-block-list\"><li>ganzj\u00e4hrig<\/li><li>Kurator\/Projektverantwortlicher: Karin Schumann<\/li><\/ul>\n\n\n\n<p><strong>Kunstschule Gera e. V. in der H\u00e4selburg<\/strong><\/p>\n\n\n\n<ul class=\"wp-block-list\"><li>\u201e100 Jahre Bauhaus &#8211; Wir bauen mit\u201c<\/li><li>Kurse ganzj\u00e4hrig buchbar <\/li><li>Kurator\/Projektverantwortlicher: Burkhard Schlothauer, Nils Lauterbach <\/li><\/ul>\n\n\n\n<p>Folgende Partner und Sponsoren engagieren sich f\u00fcr das Jubil\u00e4um &#8222;100 Jahre Bauhaus Gera&#8220;:<\/p>\n\n\n\n<ul class=\"wp-block-list\"><li>Stadt Gera (Mitglied der Bauhaus-Arbeitsgruppe, AG-Vertreter Sven Kornmann)<\/li><li>Freistaat Th\u00fcringen\/Th\u00fcringer Staatskanzlei, Dr. Marita Kasper, Referatsleiterin in der Th\u00fcringer Staatskanzlei)<\/li><li>Musikfonds e. V., gef\u00f6rdert durch die Beauftragte der Bundesregierung f\u00fcr Kultur und Medien<\/li><li>Freistaat Th\u00fcringen\/Landesamt f\u00fcr Denkmalpflege und Arch\u00e4ologie<\/li><li>Sparkasse Gera Greiz (AG-Vertreter, Uwe M\u00fcller)<\/li><li>Sparkassen Kulturstiftung Hessen-Th\u00fcringen<\/li><li>Sparkassenversicherung<\/li><li>Haus Schulenburg, Dr. Volker Kielstein (AG-Vertreter, Dr. Kielstein)<\/li><li>H\u00e4selburg Gera, Neue Galerie f\u00fcr Zeitgen\u00f6ssische Kunst (AG-Vertreterin Dr. Claudia Tittel)<\/li><li>B\u00fchnen der Stadt Gera\/Landestheater Altenburg (AG-Vertreter Felix Eckerle)<\/li><li>Kulturstiftung Leipzig<\/li><li>Lindenau-Museum Altenburg<\/li><li>Evangelisch-Lutherischer Kirchenkreis Gera<\/li><li>Gera-Information (AG-Vertreter Karin Schumann)<\/li><li>Kunstverein Gera (AG-Vertreter Thomas Bender)<\/li><li>Verein Kunstzone e. V. (AG-Vertreter Sven Schmidt)<\/li><li>Kunstschule Gera e. V. (AG-Vertreter Nils Lauterbach)<\/li><li>Dr. Peter Graumann<\/li><li>Ehepaar Marion und Dr. Norbert Sieber<\/li><li>Geoffry Wharton<\/li><li>Matthias Griebel<\/li><li>Albert Zetzsche, ehrenamtlicher Koordinator der Geraer Bauhaus-AG<\/li><\/ul>\n\n\n\n<p>QUELLE: STADTVERWALTUNG<\/p>\n","protected":false},"excerpt":{"rendered":"<div class=\"mh-excerpt\"><p>Gera als die Stadt in Th\u00fcringen mit den meisten Denkmalen des Neuen Bauens der zwanziger Jahre des 20. Jahrhunderts begeht das einhundertste Bauhaus-Jubil\u00e4um mit einem umfangreichen und attraktiven Festprogramm. Neun Ausstellungsvorhaben, eine Konzertreihe, Mitmach-Projekte, Stadtrundfahrten <a class=\"mh-excerpt-more\" href=\"https:\/\/www.studiogera.de\/001\/2019\/02\/08\/100-jahre-bauhaus-architektur-und-kunst-in-gera\/\" title=\"100 JAHRE BAUHAUS \u2013 ARCHITEKTUR UND KUNST IN GERA\">[&#8230;]<\/a><\/p>\n<\/div>","protected":false},"author":2,"featured_media":6074,"comment_status":"open","ping_status":"open","sticky":false,"template":"","format":"standard","meta":{"footnotes":""},"categories":[8],"tags":[],"class_list":{"0":"post-6137","1":"post","2":"type-post","3":"status-publish","4":"format-standard","5":"has-post-thumbnail","7":"category-kultur"},"_links":{"self":[{"href":"https:\/\/www.studiogera.de\/001\/wp-json\/wp\/v2\/posts\/6137","targetHints":{"allow":["GET"]}}],"collection":[{"href":"https:\/\/www.studiogera.de\/001\/wp-json\/wp\/v2\/posts"}],"about":[{"href":"https:\/\/www.studiogera.de\/001\/wp-json\/wp\/v2\/types\/post"}],"author":[{"embeddable":true,"href":"https:\/\/www.studiogera.de\/001\/wp-json\/wp\/v2\/users\/2"}],"replies":[{"embeddable":true,"href":"https:\/\/www.studiogera.de\/001\/wp-json\/wp\/v2\/comments?post=6137"}],"version-history":[{"count":1,"href":"https:\/\/www.studiogera.de\/001\/wp-json\/wp\/v2\/posts\/6137\/revisions"}],"predecessor-version":[{"id":6138,"href":"https:\/\/www.studiogera.de\/001\/wp-json\/wp\/v2\/posts\/6137\/revisions\/6138"}],"wp:featuredmedia":[{"embeddable":true,"href":"https:\/\/www.studiogera.de\/001\/wp-json\/wp\/v2\/media\/6074"}],"wp:attachment":[{"href":"https:\/\/www.studiogera.de\/001\/wp-json\/wp\/v2\/media?parent=6137"}],"wp:term":[{"taxonomy":"category","embeddable":true,"href":"https:\/\/www.studiogera.de\/001\/wp-json\/wp\/v2\/categories?post=6137"},{"taxonomy":"post_tag","embeddable":true,"href":"https:\/\/www.studiogera.de\/001\/wp-json\/wp\/v2\/tags?post=6137"}],"curies":[{"name":"wp","href":"https:\/\/api.w.org\/{rel}","templated":true}]}}