{"id":6139,"date":"2019-02-08T14:14:00","date_gmt":"2019-02-08T13:14:00","guid":{"rendered":"http:\/\/www.studiogera.de\/001\/?p=6139"},"modified":"2019-02-08T14:14:02","modified_gmt":"2019-02-08T13:14:02","slug":"buergerbegehren-zur-neuen-mitte-ist-rechtlich-unzulaessig","status":"publish","type":"post","link":"https:\/\/www.studiogera.de\/001\/2019\/02\/08\/buergerbegehren-zur-neuen-mitte-ist-rechtlich-unzulaessig\/","title":{"rendered":"B\u00dcRGERBEGEHREN ZUR NEUEN MITTE IST RECHTLICH UNZUL\u00c4SSIG"},"content":{"rendered":"\n<p>\u00dcber die Unzul\u00e4ssigkeit des B\u00fcrgerbegehrens zu Geras Neuer Mitte informierte die Stadtverwaltung am 7. Februar 2019 den Initiator Heinz Klotz. Wichtig sei dem Oberb\u00fcrgermeister, dass es sich ausschlie\u00dflich um eine rechtlich-formale Entscheidung handelt. \u201eDas B\u00fcrgerbegehren wurde nicht von seinen inhaltlichen W\u00fcnschen von B\u00fcrgern her gepr\u00fcft, sondern es entsprach nicht den rechtlichen Vorgaben\u201c, sagte Vonarb. <\/p>\n\n\n\n<p>Die Stadt sei verpflichtet, sich an Recht und Gesetz zu halten. Unabh\u00e4ngig von b\u00fcrokratischen Erfordernissen sei es dem Oberb\u00fcrgermeister jedoch wichtig, m\u00f6glichst viele Perspektiven zu Geras Neuer Mitte in den n\u00e4chsten Schritten weiter einzubinden. Baudezernentin Claudia Baumgartner informierte, dass eine erste Runde mit Vertretern der Stadtratsfraktionen stattgefunden habe.<\/p>\n\n\n\n<p>\u201eErste \u00dcbereinstimmungen konnten bereits gefunden werden. Ein weiteres Gespr\u00e4ch ist Ende Februar vorgesehen\u201c, so Baumgartner Der Stadtrat hat beim Beschluss des Rahmenplans auch entschieden, dass Vorschl\u00e4ge der Fraktionen beim Bebauungsplan ber\u00fccksichtigt und eingearbeitet werden. Die Schwierigkeit liege jedoch darin, teilweise widerspr\u00fcchliche Anliegen der Fraktionen in einen Kompromiss zu gie\u00dfen. <br><\/p>\n\n\n\n<p>Geras Baudezernentin erinnerte die Fraktionen in diesem Zusammenhang an ihre Verantwortung:<\/p>\n\n\n\n<blockquote class=\"wp-block-quote is-layout-flow wp-block-quote-is-layout-flow\"><p>\u201eDamit wir bis 2023 auch Erfolge \u2013 und damit realisierte Geb\u00e4ude und neu entstandene Freir\u00e4ume \u2013 in Geras Neuer Mitte sehen k\u00f6nnen, brauchen wir fr\u00fchzeitig in diesem Jahr einen Bebauungsplanbeschluss. Allen sollte daher an einer z\u00fcgigen Kl\u00e4rung offener Fragen gelegen sein.\u201c<\/p><cite> <br>Claudia Baumgartner, Baudezernetin<\/cite><\/blockquote>\n\n\n\n<p>Zugegangen werden soll auch auf die Initiatoren des B\u00fcrgerbegehrens. \u201eWir wollen eine konstruktive Zusammenarbeit. Das schlie\u00dft allerdings im jetzigen Stadium des Prozesses Ideen aus, die dem Projekt praktisch den Boden unter den F\u00fc\u00dfen entziehen und die Rahmenplanung als Ganzes in Frage stellen\u201c stellt Oberb\u00fcrgermeister Vonarb fest.<\/p>\n\n\n\n<p>QUELLE: STADTVERWALTUNG<\/p>\n","protected":false},"excerpt":{"rendered":"<div class=\"mh-excerpt\"><p>\u00dcber die Unzul\u00e4ssigkeit des B\u00fcrgerbegehrens zu Geras Neuer Mitte informierte die Stadtverwaltung am 7. Februar 2019 den Initiator Heinz Klotz. Wichtig sei dem Oberb\u00fcrgermeister, dass es sich ausschlie\u00dflich um eine rechtlich-formale Entscheidung handelt. \u201eDas B\u00fcrgerbegehren <a class=\"mh-excerpt-more\" href=\"https:\/\/www.studiogera.de\/001\/2019\/02\/08\/buergerbegehren-zur-neuen-mitte-ist-rechtlich-unzulaessig\/\" title=\"B\u00dcRGERBEGEHREN ZUR NEUEN MITTE IST RECHTLICH UNZUL\u00c4SSIG\">[&#8230;]<\/a><\/p>\n<\/div>","protected":false},"author":2,"featured_media":4885,"comment_status":"open","ping_status":"open","sticky":false,"template":"","format":"standard","meta":{"footnotes":""},"categories":[3],"tags":[],"class_list":{"0":"post-6139","1":"post","2":"type-post","3":"status-publish","4":"format-standard","5":"has-post-thumbnail","7":"category-lokal"},"_links":{"self":[{"href":"https:\/\/www.studiogera.de\/001\/wp-json\/wp\/v2\/posts\/6139","targetHints":{"allow":["GET"]}}],"collection":[{"href":"https:\/\/www.studiogera.de\/001\/wp-json\/wp\/v2\/posts"}],"about":[{"href":"https:\/\/www.studiogera.de\/001\/wp-json\/wp\/v2\/types\/post"}],"author":[{"embeddable":true,"href":"https:\/\/www.studiogera.de\/001\/wp-json\/wp\/v2\/users\/2"}],"replies":[{"embeddable":true,"href":"https:\/\/www.studiogera.de\/001\/wp-json\/wp\/v2\/comments?post=6139"}],"version-history":[{"count":1,"href":"https:\/\/www.studiogera.de\/001\/wp-json\/wp\/v2\/posts\/6139\/revisions"}],"predecessor-version":[{"id":6140,"href":"https:\/\/www.studiogera.de\/001\/wp-json\/wp\/v2\/posts\/6139\/revisions\/6140"}],"wp:featuredmedia":[{"embeddable":true,"href":"https:\/\/www.studiogera.de\/001\/wp-json\/wp\/v2\/media\/4885"}],"wp:attachment":[{"href":"https:\/\/www.studiogera.de\/001\/wp-json\/wp\/v2\/media?parent=6139"}],"wp:term":[{"taxonomy":"category","embeddable":true,"href":"https:\/\/www.studiogera.de\/001\/wp-json\/wp\/v2\/categories?post=6139"},{"taxonomy":"post_tag","embeddable":true,"href":"https:\/\/www.studiogera.de\/001\/wp-json\/wp\/v2\/tags?post=6139"}],"curies":[{"name":"wp","href":"https:\/\/api.w.org\/{rel}","templated":true}]}}