{"id":6149,"date":"2019-02-08T21:50:45","date_gmt":"2019-02-08T20:50:45","guid":{"rendered":"http:\/\/www.studiogera.de\/001\/?p=6149"},"modified":"2019-02-08T21:50:48","modified_gmt":"2019-02-08T20:50:48","slug":"besuch-zum-90-jaehrigen-bestehen-der-firma-max-boegl","status":"publish","type":"post","link":"https:\/\/www.studiogera.de\/001\/2019\/02\/08\/besuch-zum-90-jaehrigen-bestehen-der-firma-max-boegl\/","title":{"rendered":"BESUCH ZUM 90-J\u00c4HRIGEN BESTEHEN DER FIRMA MAX B\u00d6GL"},"content":{"rendered":"\n<p>Der Enkel des Gr\u00fcnders der Firmengruppe Max B\u00f6gl war am Freitag, den 8. Februar 2019, in Gera. Der gleichnamige Nachfahre traf zur Betriebsversammlung die Besch\u00e4ftigen von vier Niederlas\u00adsungen und erstmals pers\u00f6nlich Geras Oberb\u00fcrgermeister Julian Vonarb. Dieser hatte die Einladung des Betriebsrates unter Vorsitz von Bernd K\u00f6nig angenommen und ein Gru\u00dfwort der Stadt Gera zur Versammlung gesprochen. <\/p>\n\n\n\n<p>\u201eDie Buchstaben \u201emb\u201c k\u00f6nnten auch stehen f\u00fcr: Musterhafter Baustein f\u00fcr die Geraer Wirtschaft\u201c, sagte Vonarb. Max B\u00f6gl sei ein Unternehmen, das weltweit agiere, regional verankert sei und mit Haustarif und Betriebsrat gute Arbeit bringe f\u00fcr Besch\u00e4ftigte und Stadt. \u201eGut, dass wir Sie hier haben\u201c, so Vonarb weiter. Er gratulierte der Person und dem Unternehmen Max B\u00f6gl sowie den Mitarbeitern zum 90-j\u00e4hrigen Unternehmensjubil\u00e4um und w\u00fcnschte eine weiterhin stabile und erfolgreiche Entwicklung f\u00fcr das Unternehmen mit aktuell rund 6500 Besch\u00e4ftigten an mehr als 35 Standorten weltweit \u2013 davon \u00fcber 300 am Standort Gera.<\/p>\n\n\n\n<p><br>Zur Betriebsversammlung in der Rieger Veranstaltungshalle nahm neben Gesellschafter Max B\u00f6gl auch Vorstandsmitglied Johann Braun teil. Er verantwortet den Hochbau der Gesellschaft. Au\u00dferdem waren die Leiter mehrerer Standorte sowie rund 300 Besch\u00e4ftigte zu Gast. Ihnen gab Max B\u00f6gl einen Ausblick auf das Jahr 2019. Er vermittelte unter anderem, dass sich das Unternehmen trotz der guten Baukonjunktur nicht zu viel auferlege und Qualit\u00e4t vor Quantit\u00e4t stehe. Zum Standort Gera, der zusammen mit den Niederlassungen in Leipzig, Berlin und Elterlein rund 830 Besch\u00e4ftigte z\u00e4hlt und als Betriebsbereich 2 l\u00e4uft, sagte Betriebsratschef Bernd K\u00f6nig: Max B\u00f6gl f\u00fcr inzwischen 28 Jahre Stabilit\u00e4t am Standort stehe. Qualit\u00e4t aus Gera werde auch innerhalb der gesamten Firmengruppe gesch\u00e4tzt.<br><\/p>\n\n\n\n<p>Die Besch\u00e4ftigten der Niederlassung Gera bauen zurzeit eine Glasfabrik in Schleusingen im Th\u00fcringer Wald, ein Logistikzentrum in Halle und eine Papierfabrik bei Halle. Ab M\u00e4rz 2019 sind die B\u00f6gl-Besch\u00e4ftigten im Einsatz bei der Sanierung von zw\u00f6lf Kilometern Autobahn 4 zwischen Leumnitz und Ronneburg.<\/p>\n\n\n\n<p>QUELLE: STADTVERWALTUNG<\/p>\n","protected":false},"excerpt":{"rendered":"<div class=\"mh-excerpt\"><p>Der Enkel des Gr\u00fcnders der Firmengruppe Max B\u00f6gl war am Freitag, den 8. Februar 2019, in Gera. Der gleichnamige Nachfahre traf zur Betriebsversammlung die Besch\u00e4ftigen von vier Niederlas\u00adsungen und erstmals pers\u00f6nlich Geras Oberb\u00fcrgermeister Julian Vonarb. <a class=\"mh-excerpt-more\" href=\"https:\/\/www.studiogera.de\/001\/2019\/02\/08\/besuch-zum-90-jaehrigen-bestehen-der-firma-max-boegl\/\" title=\"BESUCH ZUM 90-J\u00c4HRIGEN BESTEHEN DER FIRMA MAX B\u00d6GL\">[&#8230;]<\/a><\/p>\n<\/div>","protected":false},"author":2,"featured_media":6150,"comment_status":"open","ping_status":"open","sticky":false,"template":"","format":"standard","meta":{"footnotes":""},"categories":[4],"tags":[],"class_list":{"0":"post-6149","1":"post","2":"type-post","3":"status-publish","4":"format-standard","5":"has-post-thumbnail","7":"category-wirtschaft"},"_links":{"self":[{"href":"https:\/\/www.studiogera.de\/001\/wp-json\/wp\/v2\/posts\/6149","targetHints":{"allow":["GET"]}}],"collection":[{"href":"https:\/\/www.studiogera.de\/001\/wp-json\/wp\/v2\/posts"}],"about":[{"href":"https:\/\/www.studiogera.de\/001\/wp-json\/wp\/v2\/types\/post"}],"author":[{"embeddable":true,"href":"https:\/\/www.studiogera.de\/001\/wp-json\/wp\/v2\/users\/2"}],"replies":[{"embeddable":true,"href":"https:\/\/www.studiogera.de\/001\/wp-json\/wp\/v2\/comments?post=6149"}],"version-history":[{"count":1,"href":"https:\/\/www.studiogera.de\/001\/wp-json\/wp\/v2\/posts\/6149\/revisions"}],"predecessor-version":[{"id":6151,"href":"https:\/\/www.studiogera.de\/001\/wp-json\/wp\/v2\/posts\/6149\/revisions\/6151"}],"wp:featuredmedia":[{"embeddable":true,"href":"https:\/\/www.studiogera.de\/001\/wp-json\/wp\/v2\/media\/6150"}],"wp:attachment":[{"href":"https:\/\/www.studiogera.de\/001\/wp-json\/wp\/v2\/media?parent=6149"}],"wp:term":[{"taxonomy":"category","embeddable":true,"href":"https:\/\/www.studiogera.de\/001\/wp-json\/wp\/v2\/categories?post=6149"},{"taxonomy":"post_tag","embeddable":true,"href":"https:\/\/www.studiogera.de\/001\/wp-json\/wp\/v2\/tags?post=6149"}],"curies":[{"name":"wp","href":"https:\/\/api.w.org\/{rel}","templated":true}]}}