{"id":7163,"date":"2019-05-15T12:11:02","date_gmt":"2019-05-15T10:11:02","guid":{"rendered":"http:\/\/www.studiogera.de\/001\/?p=7163"},"modified":"2019-05-15T12:11:06","modified_gmt":"2019-05-15T10:11:06","slug":"anstehende-bauarbeiten-im-stadtgebiet","status":"publish","type":"post","link":"https:\/\/www.studiogera.de\/001\/2019\/05\/15\/anstehende-bauarbeiten-im-stadtgebiet\/","title":{"rendered":"ANSTEHENDE BAUARBEITEN IM STADTGEBIET"},"content":{"rendered":"\n<p>In der Stadt Gera beginnen in diesem Jahr zahlreiche Tiefbauma\u00dfnahmen. Insgesamt sind f\u00fcr die bauliche Erhaltung und den Umbau von Ampelanlagen, Br\u00fccken und Stra\u00dfen 8,4 Millionen Euro eingeplant. <br><\/p>\n\n\n\n<p>Das gr\u00f6\u00dfte und wichtigste Projekt ist die Erneuerung der Zoitzbergbr\u00fccke. Baubeginn ist im Juli 2019 vorgesehen. Der Auftrag wurde im April 2019 erteilt. Derzeit werden Vorbereitungen getroffen, wie die Erstellung der Ausf\u00fchrungsplanung durch den Auftragnehmer. Das Vorhaben wird \u00fcber die Richtlinie Kommunaler Stra\u00dfenbau vom Freistaat Th\u00fcringen in H\u00f6he von 75 % der f\u00f6rderf\u00e4higen Kosten gef\u00f6rdert. Die Baukosten betragen insgesamt 4,7 Millionen Euro.<\/p>\n\n\n\n<p>Ein weiteres Vorhaben im Bereich Br\u00fcckenbau, ebenfalls mit F\u00f6rdermitteln finanziert, hat bereits in Langenberg begonnen. Im Bereich der Stra\u00dfe Am Eichberg werden zwei Gew\u00f6lbebr\u00fccken zur\u00fcckgebaut und durch Winkelst\u00fctzmauern ersetzt. Geplantes Bauende ist im Oktober 2020. Die Stadt investiert hier circa 773&#8217;000 Euro. An diesem Vorhaben beteiligt sich auch der Zweckverband Mittleres Elstertal (ZVME) mit dem Neubau der Wasser- und Abwasserleitungen. F\u00fcr beide Vorhaben wurde der Auftrag an die Strabag NL Gera erteilt.<\/p>\n\n\n\n<p>Sp\u00fcrbare Einschr\u00e4nkungen wird es dieses Jahr auch im Bereich des Knotenpunktes Heinrichsbr\u00fccke geben. Die 20 Jahre alte Ampelanlage wird von der Firma St\u00fchrenberg erneuert. Der notwendige Umbau kostet die Stadt Gera 202&#8217;000 Euro.<\/p>\n\n\n\n<p>Im Bereich des kommunalen Stra\u00dfennetzes werden 2020 zahlreiche bauliche Erneuerungen ausgef\u00fchrt. So haben bereits die Arbeiten im Bereich des dritten Bauabschnitts in der Plauenschen Stra\u00dfe, zwischen der Pfortener Stra\u00dfe und der Wartenburgstra\u00dfe, begonnen. Gemeinsam mit dem ZVME soll der Abschnitt Ende Oktober 2020 f\u00fcr den Verkehr freigegeben werden. Die Leistungen f\u00fcr den letzten Abschnitt der Plauenschen Stra\u00dfe sind bereits beauftragt und beginnen im M\u00e4rz 2020. In der Johannes-R.-Becher-Stra\u00dfe, zwischen Erich-M\u00fchsam-Stra\u00dfe und Makarenkostra\u00dfe, wird der letzte Pflasterabschnitt durch Asphalt ersetzt. Diese Vorhaben haben bereits begonnen und werden vollst\u00e4ndig \u00fcber Mittel aus dem Kommunalinvestitionsf\u00f6rderungsgesetz als L\u00e4rmschutzma\u00dfnahme finanziert.<\/p>\n\n\n\n<p>Ohne F\u00f6rdermittel wird im Bereich der Alexander-S.-Makarenko-Stra\u00dfe zwischen der Johannes-R.-Becher-Stra\u00dfe und der Pasternakstra\u00dfe und im Bereich der Scheibe zwischen Teufelskurve bis Bushaltestelle Dr. Sauerbruchweg eine Deckensanierung ausgef\u00fchrt. Die Kosten f\u00fcr diese Erhaltungsma\u00dfnahmen betragen 80&#8217;000 Euro.<\/p>\n\n\n\n<p>Ausgeschrieben werden in 2019 noch eine Deckensanierung in der Kaimberger Stra\u00dfe auf einer L\u00e4nge von 1500 Meter und der Austausch des Pflasterbelages in der Leumnitzer Stra\u00dfe und Quellenstra\u00dfe. F\u00fcr diese Vorhaben k\u00f6nnen F\u00f6rdermittel in Anspruch genommen werden.<\/p>\n\n\n\n<p>Aber auch kleine Ma\u00dfnahmen im Bereich der Gehwege sind geplant und bereits beauftragt. So erfolgen Reparaturen in der Arminiusstra\u00dfe, der Franz-Stephan-Stra\u00dfe, der Otto-Rothe-Stra\u00dfe, in der Pskower Stra\u00dfe und in der Tivolistra\u00dfe.<\/p>\n\n\n\n<p>Besonders erfreut sind die Mitarbeiter des Fachdienstes Tiefbau \u00fcber den Erhalt des F\u00f6rdermittelbescheides f\u00fcr den ersten Bauabschnitt in der Clara-Zetkin-Stra\u00dfe (zwischen Puschkinplatz und Knoten Humboldtstra\u00dfe\/Zabelstra\u00dfe). Hier laufen derzeit die Vorbereitungen f\u00fcr die Ausschreibung. Geplant ist, gemeinsam mit dem ZVME 2020 mit dem grundhaften Ausbau beginnen zu k\u00f6nnen. Der Ausbau des ersten Abschnittes kostet ca. 1,2 Millionen Euro.<\/p>\n\n\n\n<p>In der Wiesestra\u00dfe wird der 795 Meter lange Abschnitt zwischen Karl-Marx-Allee und Arminiusstra\u00dfe erneuert. Baubeginn ist am 14. Juni 2019, Bauende voraussichtlich im Jahre 2021. Veranschlagt sind 14,99 Millionen Euro. Der GVB beteiligt sich mit 9,72 Millionen Euro. In diesem Betrag enthalten sind 6,78 Millionen Euro des Landes Th\u00fcringen als Zuwendung, gem\u00e4\u00df der Richtlinie Kommunaler Stra\u00dfenbau. Der Eigenanteil der Stadt Gera betr\u00e4gt 1,85 Millionen Euro; hier sind 670&#8217;000 Euro des Landes Th\u00fcringen eingerechnet. Auf den ZVME entf\u00e4llt ein Kostenanteil von 2,15 Millionen Euro, und auf \u00fcbrige Versorgungstr\u00e4ger 1,27 Millionen Euro. Die Stadt hat hier bereits die Auftr\u00e4ge zum Ausbau der Gehwege und Nebenanlagen erteilt. Prim\u00e4r geht es um die Erneuerung des Abwassersammlers. Der Kanal verl\u00e4uft mittig im Erdreich, hat einen Durchmesser von 60 Millimetern und wurde im Jahre 1920 gelegt. Er ist marode und liegt nicht tief genug. Die Trinkwasserzuleitungen, bestehend aus Grauguss, sind ebenfalls marode und m\u00fcssen erneuert werden. Diese stammen noch aus dem Jahre 1930. Gearbeitet wird auf der Baustelle montags bis samstags von 7 Uhr bis 20 Uhr. In den Wintermonaten ruhen die Arbeiten, und die Sperrung wird aufgehoben.<\/p>\n\n\n\n<p>Aber auch R\u00fcckschl\u00e4ge m\u00fcssen hingenommen werden. So brachte die Ausschreibung zur Erneuerung der Radwegbr\u00fccke Zw\u00f6tzener Steg kein Angebot. Hier werden wir nochmals ein Vergabeverfahren einleiten m\u00fcssen. Dadurch geht Zeit verloren.<\/p>\n\n\n\n<p>Weiterhin sind in diesem Jahr Patcharbeiten, die Sanierung von Rissen im Asphaltbel\u00e4gen, Markierungsarbeiten und nat\u00fcrlich auch Schlaglochflickungen beauftragt wurden. F\u00fcr diese Instandhaltungsarbeiten stehen uns 115&#8217;000 Euro zur Verf\u00fcgung. Ausgef\u00fchrt wurden bereits Deckensanierungsarbeiten in S\u00f6llmnitz und Am Ziegelberg.<\/p>\n\n\n\n<p>QUELLE: STADTVERWALTUNG<\/p>\n","protected":false},"excerpt":{"rendered":"<div class=\"mh-excerpt\"><p>In der Stadt Gera beginnen in diesem Jahr zahlreiche Tiefbauma\u00dfnahmen. Insgesamt sind f\u00fcr die bauliche Erhaltung und den Umbau von Ampelanlagen, Br\u00fccken und Stra\u00dfen 8,4 Millionen Euro eingeplant. Das gr\u00f6\u00dfte und wichtigste Projekt ist die <a class=\"mh-excerpt-more\" href=\"https:\/\/www.studiogera.de\/001\/2019\/05\/15\/anstehende-bauarbeiten-im-stadtgebiet\/\" title=\"ANSTEHENDE BAUARBEITEN IM STADTGEBIET\">[&#8230;]<\/a><\/p>\n<\/div>","protected":false},"author":2,"featured_media":486,"comment_status":"open","ping_status":"open","sticky":false,"template":"","format":"standard","meta":{"footnotes":""},"categories":[3],"tags":[],"class_list":{"0":"post-7163","1":"post","2":"type-post","3":"status-publish","4":"format-standard","5":"has-post-thumbnail","7":"category-lokal"},"_links":{"self":[{"href":"https:\/\/www.studiogera.de\/001\/wp-json\/wp\/v2\/posts\/7163","targetHints":{"allow":["GET"]}}],"collection":[{"href":"https:\/\/www.studiogera.de\/001\/wp-json\/wp\/v2\/posts"}],"about":[{"href":"https:\/\/www.studiogera.de\/001\/wp-json\/wp\/v2\/types\/post"}],"author":[{"embeddable":true,"href":"https:\/\/www.studiogera.de\/001\/wp-json\/wp\/v2\/users\/2"}],"replies":[{"embeddable":true,"href":"https:\/\/www.studiogera.de\/001\/wp-json\/wp\/v2\/comments?post=7163"}],"version-history":[{"count":1,"href":"https:\/\/www.studiogera.de\/001\/wp-json\/wp\/v2\/posts\/7163\/revisions"}],"predecessor-version":[{"id":7164,"href":"https:\/\/www.studiogera.de\/001\/wp-json\/wp\/v2\/posts\/7163\/revisions\/7164"}],"wp:featuredmedia":[{"embeddable":true,"href":"https:\/\/www.studiogera.de\/001\/wp-json\/wp\/v2\/media\/486"}],"wp:attachment":[{"href":"https:\/\/www.studiogera.de\/001\/wp-json\/wp\/v2\/media?parent=7163"}],"wp:term":[{"taxonomy":"category","embeddable":true,"href":"https:\/\/www.studiogera.de\/001\/wp-json\/wp\/v2\/categories?post=7163"},{"taxonomy":"post_tag","embeddable":true,"href":"https:\/\/www.studiogera.de\/001\/wp-json\/wp\/v2\/tags?post=7163"}],"curies":[{"name":"wp","href":"https:\/\/api.w.org\/{rel}","templated":true}]}}