{"id":848,"date":"2017-05-22T10:55:32","date_gmt":"2017-05-22T08:55:32","guid":{"rendered":"http:\/\/www.studiogera.de\/001\/?p=848"},"modified":"2017-05-22T10:55:32","modified_gmt":"2017-05-22T08:55:32","slug":"museumsnacht-und-grossflugtage","status":"publish","type":"post","link":"https:\/\/www.studiogera.de\/001\/2017\/05\/22\/museumsnacht-und-grossflugtage\/","title":{"rendered":"MUSEUMSNACHT UND GROSSFLUGTAGE"},"content":{"rendered":"<p>Die 19. Geraer Museumsnacht, die dem Internationalen Museumstag am Sonntag vorausging, hatte rund 1600 Besucher. Die st\u00e4dtischen Museen und weitere Kultureinrichtungen der Stadt hatten von 19 Uhr bis Mitternacht ge\u00f6ffnet.<\/p>\n<p>Auf dem Verkehrslandeplatz Leumnitz waren Interessierte am 20. und 21. Mai jeweils ab 9 Uhr zum Flugtag eingeladen. Geboten wurden Modellfl\u00fcge, eine Ausstellung mit historischen Flugzeugen, Rundfl\u00fcge, Kunstfl\u00fcge, Fallschirmspringen und verschiedene Aktionen. Nach Angaben des Veranstalters war es der erste Flugtag seit \u00fcber 31 Jahren. Es kamen Besucher aus ganz Th\u00fcringen. Die Gro\u00dfflugtage sollen nun im Zwei-Jahres-Rhythmus auf dem Verkerhslandeplatz Leumnitz stattfinden.<\/p>\n","protected":false},"excerpt":{"rendered":"<div class=\"mh-excerpt\"><p>Die 19. Geraer Museumsnacht, die dem Internationalen Museumstag am Sonntag vorausging, hatte rund 1600 Besucher. Die st\u00e4dtischen Museen und weitere Kultureinrichtungen der Stadt hatten von 19 Uhr bis Mitternacht ge\u00f6ffnet. Auf dem Verkehrslandeplatz Leumnitz waren <a class=\"mh-excerpt-more\" href=\"https:\/\/www.studiogera.de\/001\/2017\/05\/22\/museumsnacht-und-grossflugtage\/\" title=\"MUSEUMSNACHT UND GROSSFLUGTAGE\">[&#8230;]<\/a><\/p>\n<\/div>","protected":false},"author":2,"featured_media":849,"comment_status":"open","ping_status":"open","sticky":false,"template":"","format":"standard","meta":{"footnotes":""},"categories":[8],"tags":[],"class_list":{"0":"post-848","1":"post","2":"type-post","3":"status-publish","4":"format-standard","5":"has-post-thumbnail","7":"category-kultur"},"_links":{"self":[{"href":"https:\/\/www.studiogera.de\/001\/wp-json\/wp\/v2\/posts\/848","targetHints":{"allow":["GET"]}}],"collection":[{"href":"https:\/\/www.studiogera.de\/001\/wp-json\/wp\/v2\/posts"}],"about":[{"href":"https:\/\/www.studiogera.de\/001\/wp-json\/wp\/v2\/types\/post"}],"author":[{"embeddable":true,"href":"https:\/\/www.studiogera.de\/001\/wp-json\/wp\/v2\/users\/2"}],"replies":[{"embeddable":true,"href":"https:\/\/www.studiogera.de\/001\/wp-json\/wp\/v2\/comments?post=848"}],"version-history":[{"count":1,"href":"https:\/\/www.studiogera.de\/001\/wp-json\/wp\/v2\/posts\/848\/revisions"}],"predecessor-version":[{"id":850,"href":"https:\/\/www.studiogera.de\/001\/wp-json\/wp\/v2\/posts\/848\/revisions\/850"}],"wp:featuredmedia":[{"embeddable":true,"href":"https:\/\/www.studiogera.de\/001\/wp-json\/wp\/v2\/media\/849"}],"wp:attachment":[{"href":"https:\/\/www.studiogera.de\/001\/wp-json\/wp\/v2\/media?parent=848"}],"wp:term":[{"taxonomy":"category","embeddable":true,"href":"https:\/\/www.studiogera.de\/001\/wp-json\/wp\/v2\/categories?post=848"},{"taxonomy":"post_tag","embeddable":true,"href":"https:\/\/www.studiogera.de\/001\/wp-json\/wp\/v2\/tags?post=848"}],"curies":[{"name":"wp","href":"https:\/\/api.w.org\/{rel}","templated":true}]}}