{"id":879,"date":"2017-05-24T13:48:15","date_gmt":"2017-05-24T11:48:15","guid":{"rendered":"http:\/\/www.studiogera.de\/001\/?p=879"},"modified":"2017-05-24T14:27:22","modified_gmt":"2017-05-24T12:27:22","slug":"meldungen-und-hinweise-der-stadtverwaltung-2","status":"publish","type":"post","link":"https:\/\/www.studiogera.de\/001\/2017\/05\/24\/meldungen-und-hinweise-der-stadtverwaltung-2\/","title":{"rendered":"MELDUNGEN UND HINWEISE DER STADTVERWALTUNG"},"content":{"rendered":"<p><strong>6. FAHRRAD-TAG<\/strong><br \/>\nDer 6. Fahrrad-Tag am Samstag, den 10. Juni, steht im Zeichen des Jubil\u00e4ums \u201e200 Jahre Fahrrad\u201c, das am 12. Juni 2017 deutschlandweit begangen wird. Die Stadt Gera als Veranstalter bem\u00fcht sich, an diesem Tag die Entwicklung des Fahrrades in 200 Jahren zu verdeutlichen. In diesem Jahr verkn\u00fcpfen die Geraer Umweltvereine, die am 10. Juni auf dem Platz vor dem Kultur- und Kongresszentrum das Umweltfest veranstalten, und die Interessentr\u00e4ger des Fahrradverkehrs ihre Aktivit\u00e4ten. Jede Fahrt mit dem Fahrrad statt mit dem PKW ist ein Beitrag zum Erhalt unserer nat\u00fcrlichen Umwelt. Der Radfahrerklub Solidarit\u00e4t 1895 Gera e. V. wird an diesem Tag Radtouren mit unterschiedlicher L\u00e4nge anbieten. Start und Ziel ist der Museumsplatz. Um 10 Uhr werden von dort zwei gef\u00fchrte Radtouren beginnen mit L\u00e4ngen von ca. 15 bis 20 Kilometern und 35 bis 40 Kilometern. Beide Touren enden auch wieder am Museumsplatz.<\/p>\n<p><strong>BUCHPREMIERE<\/strong><br \/>\n\u00bbGera \u2013 ein verschwundenes Stadtbild\u00ab ist der Titel des neuesten Buches aus dem Geraer Verlag Edition Sp\u00f6rlstein. Herausgeber Frank R\u00fcdiger zeigt auf 136 Seiten erstmals mehr als 130 Farbfotografien von Heino Schimmel (1904 \u2013 1982). Der einstige Lehrer durchstreifte vor allem in den 1970er Jahren Gera mit der Kamera, um die Ver\u00e4nderungen im Stadtbild festzuhalten, die sich damals durch Abbruch und Neuaufbau manifestierten.<br \/>\nAuch wenn seine Aufnahmen nicht die vollkommene fotografische Qualit\u00e4t aufweisen, faszinieren viele seiner Bilder durch die bedingungslose Unmittelbarkeit, mit der sich Heino Schimmel seinem Sujet n\u00e4herte.<br \/>\nDer Buchtitel \u00bbGera \u2013 ein verschwundenes Stadtbild\u00ab ist dabei nicht unbedingt wortw\u00f6rtlich zu interpretieren. Es werden nicht nur Stra\u00dfen, Pl\u00e4tze oder Geb\u00e4ude gezeigt, die verschwunden sind. Ein Gro\u00dfteil der Fotografien dokumentiert urbane Situationen, die zwar noch problemlos wiederzufinden und einzuordnen sind, deren bauliche Qualit\u00e4ten sich aber derart, meist zum Positiven, ver\u00e4ndert haben, dass die Formulierung vom verlorenen Stadtbild hier auch im \u00fcbertragenen Sinne zutrifft.<br \/>\nDie Buchpremiere ist am 31. Mai 2017 um 17 Uhr im Stadtmuseum. Der Eintritt ist frei.<\/p>\n<p><strong>VIII. T\u00d6PFERMARKT UND VERKAUFSOFFENER SONNTAG<\/strong><br \/>\nDer achte Geraer T\u00f6pfermarkt ist am Samstag, den 27. Mai, und am Sonntag, den 28. Mai, auf dem Marktplatz, der Kleinen Kirchstra\u00dfe sowie auf dem Johannisplatz und in der Johannisstra\u00dfe. OB Dr. Hahn wird ihn am Samstag, 10 Uhr, er\u00f6ffnen. Etwa 75 T\u00f6pferwerkst\u00e4tten aus ganz Deutschland, die von Bremen bis hin zum Ammersee zu Hause sind, werden an beiden Tagen klassische und moderne Keramik sowie ausgefallene Einzelst\u00fccke pr\u00e4sentieren. Das Spektrum reicht vom Gebrauchsgeschirr \u00fcber originellen Schmuck und lustige Gartendekorationen bis hin zu phantasievollen Skulpturen, die das Herz von Liebhabern formsch\u00f6ner Gebrauchs- und Kunstkeramik h\u00f6her schlagen lassen.<\/p>\n<p>So unterschiedlich auch das Warenangebot der Keramiker, allen ist gemeinsam, dass das Angebot ausschlie\u00dflich in eigenen Werkst\u00e4tten hergestellt wird. Die Aussteller sind ausnahmslos T\u00f6pfermeister oder ausgebildete T\u00f6pfergesellen. Die Besucher k\u00f6nnen den T\u00f6pfern an beiden Tagen beim Drehen auf den eigens mitgebrachten T\u00f6pferscheiben \u00fcber die Schulter schauen und sogar selbst Hand anlegen. Der Moderator Maik Fabisch begleitet diese Aktionen. In Interviews mit den T\u00f6pfern und Kunsthandwerkern k\u00f6nnen Besucher eine Menge \u00fcber das Handwerk erfahren.<\/p>\n<p>Das Gislaveds Musikk\u00e5rs M\u00e4ssingssextett  aus Schweden wird am 27. Mai von 15.30 Uhr bis 18 Uhr im Biergarten des \u201e\u00d6sterreicher am Markt\u201c auf historischen Messing-Blasinstrumenten spielen. F\u00fcr Musik und gute Laune sorgen weiterhin an beiden Tagen die Th\u00fcringer Tippelbr\u00fcder, originale Drehorgelmusik aus dem Erzgebirge und das Glockenspiel vom Geraer Rathausturm. Abgerundet wird das Angebot durch teilnehmende Gesch\u00e4fte im Bereich Kleine und Gro\u00dfe Kirchstra\u00dfe und Aktionen und H\u00e4ndlerangebote auf dem Johannisplatz. F\u00fcr das leibliche Wohl wird an beiden Tagen gesorgt. Der T\u00f6pfermarkt hat am Samstag von 10 Uhr bis 18 Uhr und am Sonntag bis 17 Uhr f\u00fcr die Besucher ge\u00f6ffnet. Am verkaufsoffenen Sonntag, den 28. Mai, sind auch die Gesch\u00e4fte der Innenstadt von 11 Uhr bis 17 Uhr ge\u00f6ffnet.<\/p>\n<p><strong>STEINBECKSTRASSE GESPERRT<\/strong><br \/>\nDie Steinbeckstra\u00dfe im Einm\u00fcndungsbereich Eisenberger Stra\u00dfe wird in der Zeit vom 31. Mai bis voraussichtlich 28. Juni im Zuge der Kanalbauma\u00dfnahme in Gera-Langenberg vollst\u00e4ndig gesperrt sein. Der Verkehr in Richtung Steinbeckstra\u00dfe\/Auenstra\u00dfe wird w\u00e4hrend dieser Zeit \u00fcber Zu den Wiesen und Linienstra\u00dfe umgeleitet. Die Ausfahrt aus dem Gebiet wird \u00fcber die Auenstra\u00dfe, Adolf-Rolle-Platz und Pohlitzer Stra\u00dfe ausgewiesen. Die Stadt bittet alle Fahrzeugf\u00fchrer um Beachtung und Verst\u00e4ndnis f\u00fcr diese Ma\u00dfnahme.<\/p>\n<p><strong>KAMERA-KURSUS<\/strong><br \/>\nDer Kursus \u201eMit der Kamera auf Reisen\u201c beginnt am Mittwoch, den 7. Juni, 17.30 Uhr, an der Volkshochschule \u201eAenne Biermann\u201c in der Talstra\u00dfe 3. Das ganze Jahr ist Reisezeit  und die Kamera geh\u00f6rt dazu. Vom Detail bis zur Totalansicht, von lebendigen Portr\u00e4ts bis zur exotischen Landschafts- und Tierfotografie reichen die Reiseeindr\u00fccke. Wie aus durchschnittlichen Erinnerungsfotos bessere Fotos werden k\u00f6nnen, zeigt der Kursleiter, Frank R\u00fcdiger. Dazu werden Grundlagen zu vielen Themen der Fotografie vermittelt. Was ist zu beachten, wenn ich Landschaften fotografiere? Was ist bei Architektur und St\u00e4dten zu bedenken? Und was bei Menschen? Auch rechtliche Aspekte sollen kurz angerissen werden. Neben den technischen Aspekten \u2013 welche Ausr\u00fcstung und welches Zubeh\u00f6r wird ben\u00f6tigt \u2013 sollen auch die gestalterischen Fragen nicht zu kurz kommen. Anfragen, Beratung und Anmeldung sind vor Ort, telefonisch unter 0365 55259310 oder auf www.volkshochschule-gera.de m\u00f6glich.<\/p>\n","protected":false},"excerpt":{"rendered":"<div class=\"mh-excerpt\"><p>6. FAHRRAD-TAG Der 6. Fahrrad-Tag am Samstag, den 10. Juni, steht im Zeichen des Jubil\u00e4ums \u201e200 Jahre Fahrrad\u201c, das am 12. Juni 2017 deutschlandweit begangen wird. Die Stadt Gera als Veranstalter bem\u00fcht sich, an diesem <a class=\"mh-excerpt-more\" href=\"https:\/\/www.studiogera.de\/001\/2017\/05\/24\/meldungen-und-hinweise-der-stadtverwaltung-2\/\" title=\"MELDUNGEN UND HINWEISE DER STADTVERWALTUNG\">[&#8230;]<\/a><\/p>\n<\/div>","protected":false},"author":2,"featured_media":475,"comment_status":"open","ping_status":"open","sticky":false,"template":"","format":"standard","meta":{"footnotes":""},"categories":[16],"tags":[],"class_list":{"0":"post-879","1":"post","2":"type-post","3":"status-publish","4":"format-standard","5":"has-post-thumbnail","7":"category-kurzmitteilungen"},"_links":{"self":[{"href":"https:\/\/www.studiogera.de\/001\/wp-json\/wp\/v2\/posts\/879","targetHints":{"allow":["GET"]}}],"collection":[{"href":"https:\/\/www.studiogera.de\/001\/wp-json\/wp\/v2\/posts"}],"about":[{"href":"https:\/\/www.studiogera.de\/001\/wp-json\/wp\/v2\/types\/post"}],"author":[{"embeddable":true,"href":"https:\/\/www.studiogera.de\/001\/wp-json\/wp\/v2\/users\/2"}],"replies":[{"embeddable":true,"href":"https:\/\/www.studiogera.de\/001\/wp-json\/wp\/v2\/comments?post=879"}],"version-history":[{"count":3,"href":"https:\/\/www.studiogera.de\/001\/wp-json\/wp\/v2\/posts\/879\/revisions"}],"predecessor-version":[{"id":885,"href":"https:\/\/www.studiogera.de\/001\/wp-json\/wp\/v2\/posts\/879\/revisions\/885"}],"wp:featuredmedia":[{"embeddable":true,"href":"https:\/\/www.studiogera.de\/001\/wp-json\/wp\/v2\/media\/475"}],"wp:attachment":[{"href":"https:\/\/www.studiogera.de\/001\/wp-json\/wp\/v2\/media?parent=879"}],"wp:term":[{"taxonomy":"category","embeddable":true,"href":"https:\/\/www.studiogera.de\/001\/wp-json\/wp\/v2\/categories?post=879"},{"taxonomy":"post_tag","embeddable":true,"href":"https:\/\/www.studiogera.de\/001\/wp-json\/wp\/v2\/tags?post=879"}],"curies":[{"name":"wp","href":"https:\/\/api.w.org\/{rel}","templated":true}]}}