{"id":9185,"date":"2019-11-07T11:32:49","date_gmt":"2019-11-07T10:32:49","guid":{"rendered":"http:\/\/www.studiogera.de\/001\/?p=9185"},"modified":"2019-11-07T11:32:50","modified_gmt":"2019-11-07T10:32:50","slug":"sperrung-der-schloss-strasse-am-8-november","status":"publish","type":"post","link":"https:\/\/www.studiogera.de\/001\/2019\/11\/07\/sperrung-der-schloss-strasse-am-8-november\/","title":{"rendered":"SPERRUNG DER SCHLOSS-STRASSE AM 8. NOVEMBER"},"content":{"rendered":"\n<p>Am Freitag, den 8. November, wird die Schlo\u00dfstra\u00dfe von 17 Uhr bis 19.30 Uhr f\u00fcr den Fahrzeugverkehr vollst\u00e4ndig grsperrt sein. Ab 16 Uhr wird bereits ein Halteverbot in der gesamten Stra\u00dfe gelten. Grund daf\u00fcr ist der gro\u00dfe Laternenumzug zum Abschluss des Bauhausjahres 2019 und zum 90-j\u00e4hrigen Jubil\u00e4um des Handelshofes.<br><\/p>\n","protected":false},"excerpt":{"rendered":"<div class=\"mh-excerpt\"><p>Am Freitag, den 8. November, wird die Schlo\u00dfstra\u00dfe von 17 Uhr bis 19.30 Uhr f\u00fcr den Fahrzeugverkehr vollst\u00e4ndig grsperrt sein. Ab 16 Uhr wird bereits ein Halteverbot in der gesamten Stra\u00dfe gelten. Grund daf\u00fcr ist <a class=\"mh-excerpt-more\" href=\"https:\/\/www.studiogera.de\/001\/2019\/11\/07\/sperrung-der-schloss-strasse-am-8-november\/\" title=\"SPERRUNG DER SCHLOSS-STRASSE AM 8. NOVEMBER\">[&#8230;]<\/a><\/p>\n<\/div>","protected":false},"author":3,"featured_media":0,"comment_status":"open","ping_status":"open","sticky":false,"template":"","format":"standard","meta":{"footnotes":""},"categories":[16],"tags":[],"class_list":{"0":"post-9185","1":"post","2":"type-post","3":"status-publish","4":"format-standard","6":"category-kurzmitteilungen"},"_links":{"self":[{"href":"https:\/\/www.studiogera.de\/001\/wp-json\/wp\/v2\/posts\/9185","targetHints":{"allow":["GET"]}}],"collection":[{"href":"https:\/\/www.studiogera.de\/001\/wp-json\/wp\/v2\/posts"}],"about":[{"href":"https:\/\/www.studiogera.de\/001\/wp-json\/wp\/v2\/types\/post"}],"author":[{"embeddable":true,"href":"https:\/\/www.studiogera.de\/001\/wp-json\/wp\/v2\/users\/3"}],"replies":[{"embeddable":true,"href":"https:\/\/www.studiogera.de\/001\/wp-json\/wp\/v2\/comments?post=9185"}],"version-history":[{"count":1,"href":"https:\/\/www.studiogera.de\/001\/wp-json\/wp\/v2\/posts\/9185\/revisions"}],"predecessor-version":[{"id":9186,"href":"https:\/\/www.studiogera.de\/001\/wp-json\/wp\/v2\/posts\/9185\/revisions\/9186"}],"wp:attachment":[{"href":"https:\/\/www.studiogera.de\/001\/wp-json\/wp\/v2\/media?parent=9185"}],"wp:term":[{"taxonomy":"category","embeddable":true,"href":"https:\/\/www.studiogera.de\/001\/wp-json\/wp\/v2\/categories?post=9185"},{"taxonomy":"post_tag","embeddable":true,"href":"https:\/\/www.studiogera.de\/001\/wp-json\/wp\/v2\/tags?post=9185"}],"curies":[{"name":"wp","href":"https:\/\/api.w.org\/{rel}","templated":true}]}}