{"id":9436,"date":"2019-11-27T18:48:23","date_gmt":"2019-11-27T17:48:23","guid":{"rendered":"http:\/\/www.studiogera.de\/001\/?p=9436"},"modified":"2019-12-10T11:16:27","modified_gmt":"2019-12-10T10:16:27","slug":"amtsbeginn-der-neuen-eu-kommission-am-1-dezember-2019","status":"publish","type":"post","link":"https:\/\/www.studiogera.de\/001\/2019\/11\/27\/amtsbeginn-der-neuen-eu-kommission-am-1-dezember-2019\/","title":{"rendered":"AMTSBEGINN DER NEUEN EU-KOMMISSION AM 1. DEZEMBER 2019"},"content":{"rendered":"\n<p>Das EU-Parlament in Stra\u00dfburg best\u00e4tigte am 27. November 2019 die neue Europ\u00e4ische Kommission. Somit kann diese am 1. Dezember 2019 mit ihrer Arbeit beginnen. Als Amtsbeginn war zun\u00e4chst der 1. November 2019 vorgesehen. Die Verz\u00f6gerung kam zustande, da das EU-Parlament drei Kandidaten abgelehnt hatte. Insgesamt z\u00e4hlt die Institution 26 Kommissare.<\/p>\n\n\n\n<p>Kommissionspr\u00e4sidentin Ursula von der Leyen sprach von einem Neustart in Europa. In den n\u00e4chsten f\u00fcnf Jahren werde sich die EU auf den Weg des Wandels machen. Dieser werde jeden Teil der Wirtschaft und Gesellschaft ber\u00fchren. Europa m\u00fcsse die Herausforderungen mutig annehmen. Als Arbeitsschwerpunkt nannte sie den Klimaschutz, die Digitalisierung, die Positionierung der EU in der Welt und die Verteidigung sowie den Ausgleich der Geschlechterverh\u00e4ltnisse in den F\u00fchrungsebenen der EU.<\/p>\n","protected":false},"excerpt":{"rendered":"<div class=\"mh-excerpt\"><p>Das EU-Parlament in Stra\u00dfburg best\u00e4tigte am 27. November 2019 die neue Europ\u00e4ische Kommission. Somit kann diese am 1. Dezember 2019 mit ihrer Arbeit beginnen. Als Amtsbeginn war zun\u00e4chst der 1. November 2019 vorgesehen. Die Verz\u00f6gerung <a class=\"mh-excerpt-more\" href=\"https:\/\/www.studiogera.de\/001\/2019\/11\/27\/amtsbeginn-der-neuen-eu-kommission-am-1-dezember-2019\/\" title=\"AMTSBEGINN DER NEUEN EU-KOMMISSION AM 1. DEZEMBER 2019\">[&#8230;]<\/a><\/p>\n<\/div>","protected":false},"author":2,"featured_media":7033,"comment_status":"open","ping_status":"open","sticky":false,"template":"","format":"standard","meta":{"footnotes":""},"categories":[2],"tags":[],"class_list":{"0":"post-9436","1":"post","2":"type-post","3":"status-publish","4":"format-standard","5":"has-post-thumbnail","7":"category-weltweit"},"_links":{"self":[{"href":"https:\/\/www.studiogera.de\/001\/wp-json\/wp\/v2\/posts\/9436","targetHints":{"allow":["GET"]}}],"collection":[{"href":"https:\/\/www.studiogera.de\/001\/wp-json\/wp\/v2\/posts"}],"about":[{"href":"https:\/\/www.studiogera.de\/001\/wp-json\/wp\/v2\/types\/post"}],"author":[{"embeddable":true,"href":"https:\/\/www.studiogera.de\/001\/wp-json\/wp\/v2\/users\/2"}],"replies":[{"embeddable":true,"href":"https:\/\/www.studiogera.de\/001\/wp-json\/wp\/v2\/comments?post=9436"}],"version-history":[{"count":2,"href":"https:\/\/www.studiogera.de\/001\/wp-json\/wp\/v2\/posts\/9436\/revisions"}],"predecessor-version":[{"id":9605,"href":"https:\/\/www.studiogera.de\/001\/wp-json\/wp\/v2\/posts\/9436\/revisions\/9605"}],"wp:featuredmedia":[{"embeddable":true,"href":"https:\/\/www.studiogera.de\/001\/wp-json\/wp\/v2\/media\/7033"}],"wp:attachment":[{"href":"https:\/\/www.studiogera.de\/001\/wp-json\/wp\/v2\/media?parent=9436"}],"wp:term":[{"taxonomy":"category","embeddable":true,"href":"https:\/\/www.studiogera.de\/001\/wp-json\/wp\/v2\/categories?post=9436"},{"taxonomy":"post_tag","embeddable":true,"href":"https:\/\/www.studiogera.de\/001\/wp-json\/wp\/v2\/tags?post=9436"}],"curies":[{"name":"wp","href":"https:\/\/api.w.org\/{rel}","templated":true}]}}