{"id":9441,"date":"2019-11-27T21:13:21","date_gmt":"2019-11-27T20:13:21","guid":{"rendered":"http:\/\/www.studiogera.de\/001\/?p=9441"},"modified":"2019-11-27T21:56:15","modified_gmt":"2019-11-27T20:56:15","slug":"fertigstellung-der-mauer-verzoegert-sich","status":"publish","type":"post","link":"https:\/\/www.studiogera.de\/001\/2019\/11\/27\/fertigstellung-der-mauer-verzoegert-sich\/","title":{"rendered":"FERTIGSTELLUNG DER MAUER VERZ\u00d6GERT SICH"},"content":{"rendered":"\n<p>Die Arbeiten an der Hochwasserschutzmauer wurden am 23. September 2019 vorl\u00e4ufig eingestellt. Fundamenttiefe und Standfestigkeit des 95 Jahre alten Bauwerkes sind zu gering. Deshalb ist die Sanierung mit Erh\u00f6hung um 18 bis 31 Zentimeter nicht m\u00f6glich. Im November 2019 sollten die Arbeiten auf der Baustelle weitergef\u00fchrt werden, doch begonnen haben sie bislang nicht. Geplant ist nun der Abriss der alten Mauer und die Errichtung einer neuen. Die Bruchsteine der alten Mauer \u2014 es handelt sich um Grauwacke \u2014 sollen auf der dem Fluss zugewandten Seite zur Verblendung verwendet werden, wohingegen f\u00fcr die Stra\u00dfenseite neue Bruchsteine vorgesehen sind. Urspr\u00fcnglicher Fertigstellungstermin war der 29. M\u00e4rz 2020.<\/p>\n\n\n\n<p>Auftraggeber ist das in Jena ans\u00e4ssige  Landesamtes f\u00fcr Umwelt, Bergbau und Naturschutz, ausf\u00fchrendes Unternehmen die Baumann Bau GmbH aus Plauen. Dieses legte einige Angebote vor; das zust\u00e4ndige Ingenierb\u00fcro pr\u00fcfte die Wirtschaftlichkeit und erteilte wegen des aus seiner Sicht zu hohen Preises noch keinen Auftrag. Die L\u00fccke soll nun provisorisch mit flexiblen Sch\u00fcttgutbeh\u00e4ltern geschlossen werden.<\/p>\n\n\n\n<figure class=\"wp-block-image\"><img decoding=\"async\" src=\"http:\/\/www.studiogera.de\/001_BILD\/ARTIKEL_061.jpg\" alt=\"\" \/><\/figure>\n\n\n\n<p>Die Fotografie aus dem Jahre 1898 zeigt den Gries noch ohne Hochwasserschutzmauer. Jene wurde im Jahre 1924 errichtet und in den Jahren 1989\/1990 verl\u00e4ngert und erh\u00f6ht.<\/p>\n","protected":false},"excerpt":{"rendered":"<div class=\"mh-excerpt\"><p>Die Arbeiten an der Hochwasserschutzmauer wurden am 23. September 2019 vorl\u00e4ufig eingestellt. Fundamenttiefe und Standfestigkeit des 95 Jahre alten Bauwerkes sind zu gering. Deshalb ist die Sanierung mit Erh\u00f6hung um 18 bis 31 Zentimeter nicht <a class=\"mh-excerpt-more\" href=\"https:\/\/www.studiogera.de\/001\/2019\/11\/27\/fertigstellung-der-mauer-verzoegert-sich\/\" title=\"FERTIGSTELLUNG DER MAUER VERZ\u00d6GERT SICH\">[&#8230;]<\/a><\/p>\n<\/div>","protected":false},"author":2,"featured_media":9442,"comment_status":"open","ping_status":"open","sticky":false,"template":"","format":"standard","meta":{"footnotes":""},"categories":[3],"tags":[],"class_list":{"0":"post-9441","1":"post","2":"type-post","3":"status-publish","4":"format-standard","5":"has-post-thumbnail","7":"category-lokal"},"_links":{"self":[{"href":"https:\/\/www.studiogera.de\/001\/wp-json\/wp\/v2\/posts\/9441","targetHints":{"allow":["GET"]}}],"collection":[{"href":"https:\/\/www.studiogera.de\/001\/wp-json\/wp\/v2\/posts"}],"about":[{"href":"https:\/\/www.studiogera.de\/001\/wp-json\/wp\/v2\/types\/post"}],"author":[{"embeddable":true,"href":"https:\/\/www.studiogera.de\/001\/wp-json\/wp\/v2\/users\/2"}],"replies":[{"embeddable":true,"href":"https:\/\/www.studiogera.de\/001\/wp-json\/wp\/v2\/comments?post=9441"}],"version-history":[{"count":2,"href":"https:\/\/www.studiogera.de\/001\/wp-json\/wp\/v2\/posts\/9441\/revisions"}],"predecessor-version":[{"id":9444,"href":"https:\/\/www.studiogera.de\/001\/wp-json\/wp\/v2\/posts\/9441\/revisions\/9444"}],"wp:featuredmedia":[{"embeddable":true,"href":"https:\/\/www.studiogera.de\/001\/wp-json\/wp\/v2\/media\/9442"}],"wp:attachment":[{"href":"https:\/\/www.studiogera.de\/001\/wp-json\/wp\/v2\/media?parent=9441"}],"wp:term":[{"taxonomy":"category","embeddable":true,"href":"https:\/\/www.studiogera.de\/001\/wp-json\/wp\/v2\/categories?post=9441"},{"taxonomy":"post_tag","embeddable":true,"href":"https:\/\/www.studiogera.de\/001\/wp-json\/wp\/v2\/tags?post=9441"}],"curies":[{"name":"wp","href":"https:\/\/api.w.org\/{rel}","templated":true}]}}