{"id":9466,"date":"2019-11-29T12:29:07","date_gmt":"2019-11-29T11:29:07","guid":{"rendered":"http:\/\/www.studiogera.de\/001\/?p=9466"},"modified":"2019-11-29T12:29:09","modified_gmt":"2019-11-29T11:29:09","slug":"programm-des-geraer-weihnachtsmarktes-2","status":"publish","type":"post","link":"https:\/\/www.studiogera.de\/001\/2019\/11\/29\/programm-des-geraer-weihnachtsmarktes-2\/","title":{"rendered":"PROGRAMM DES GERAER WEIHNACHTSMARKTES"},"content":{"rendered":"\n<p>Der Weihnachtsmarkt wurde am 29. November um 17 Uhr feierlich er\u00f6ffnet. Eingeleitet wurde die Er\u00f6ffnungszeremonie mit deinem Glockenspiel und weihnachtlicher Bl\u00e4sermusik. Anschlie\u00dfend entfaltete sich \u00fcber dem Marktplatz ein M\u00e4rchenzauber mit einer Lichtdarbietung. Der Rathausturm und die Lichterfee erz\u00e4hlten gemeinsam das M\u00e4rchen \u201eTischlein deck dich\u201c und begeisterten auch in diesem Jahr wieder hunderte Zuschauer. Ein buntes Feuerwerk bildete den Abschluss der Veranstaltung.<\/p>\n\n\n\n<p>\u201eMit dem M\u00e4rchenmarkt hat unser Gera etwas ganz Besonderes. Es ist einer der sch\u00f6nsten Weihnachtsm\u00e4rkte Deutschlands. Darauf k\u00f6nnen wir wirklich stolz sein\u201c, betont Oberb\u00fcrgermeister Julian Vonarb. In der Mitte des Marktes erstrahlt die festlich beleuchtete 18 Meter hohe Colorado-Tanne aus Weimar.<\/p>\n\n\n\n<p>Bis einen Tag vor Weihnachten erwartet die Besucher t\u00e4glich von 10 Uhr bis 20 Uhr, freitags und samstags bis 21 Uhr, ein m\u00e4rchenhaftes Treiben, bei dem die 38 lebensgro\u00dfen handgefertigten und liebevoll gestalteten M\u00e4rchenfiguren wieder im Mittelpunkt stehen. An den mehr als 90 festlich dekorierten St\u00e4nden werden viele weihnachtliche Waren, darunter Kunsthandwerk, Th\u00fcringer Spezialit\u00e4ten, internationale Leckereien und Gl\u00fchweinspezialit\u00e4ten angeboten. Ebenso gibt es Honig aus Finnland, original erzgebirgische Holzkunst und Korbwaren. Kerzen und Keramik k\u00f6nnen ebenfalls bewundert und erworben werden.<\/p>\n\n\n\n<p>An den Wochenenden wird es ein buntes musikalisches Angebot, von Rock, \u00fcber Folk bis hin zu Schlagern auf der M\u00e4rchenmarktb\u00fchne geben. Die kleinen G\u00e4ste k\u00f6nnen sich auf tolle Kinderprogramme freuen. Der traditionelle Wichtelumzug f\u00fchrt am 6. Dezember alle G\u00e4ste durch die Innenstadt und nat\u00fcrlich hat der Weihnachtsmann auch in diesem Jahr wieder zur t\u00e4glichen Sprechstunde um 16 Uhr ein offenes Ohr f\u00fcr die W\u00fcnsche der kleinen Besucher.<\/p>\n\n\n\n<p>Vom 29. November bis 23. Dezember h\u00e4lt der Weihnachtsmann t\u00e4glich ab 16 Uhr seine Sprechstunde ab. Zu finden ist er auf der M\u00e4rchenmarktb\u00fchne. Am Sonntag, den 8. Dezember 2019, wird eine Dolmetscherin f\u00fcr deutsche Geb\u00e4rdensprache das Gesagte \u00fcbersetzen.<\/p>\n\n\n\n<p>PROGRAMM DES WEIHNACHTSMARKTES<\/p>\n\n\n\n<p><strong>Donnerstag, 28. November 2019<\/strong><\/p>\n\n\n\n<ul class=\"wp-block-list\"><li>16.30 Uhr: Glockenspiel vom Rathausturm mit den Rathausglocken-Spielern<\/li><li>17 Uhr: Er\u00f6ffnung durch Oberb\u00fcrgermeister und Weihnachtsmann, begleitet von festlicher Bl\u00e4sermusik<\/li><li>17.10 Uhr: Lichtspiel \u201eTischlein deck dich\u201c, anschlie\u00dfend Feuerwerk<\/li><li>17.45 Uhr: weihnachtliches Konzert mit \u201eHot Strings\u201c aus Weimar<\/li><\/ul>\n\n\n\n<p><strong>Freitag, 29. November 2019<\/strong><\/p>\n\n\n\n<ul class=\"wp-block-list\"><li>19 Uhr: Acousti-Cocktail\u201c mit G\u00fcnter von Dreyfuss &amp; Uwe Hofmann                       <\/li><\/ul>\n\n\n\n<p><strong>Samstag, 30. November 2019<\/strong><\/p>\n\n\n\n<ul class=\"wp-block-list\"><li>14 Uhr: Kinderprogramm mit Heinz Lindner \u201eM\u00e4rchenlieder mit dem Igel\u201c<\/li><li>18 Uhr: musikalische Winterreise mit Christian Gebhardt<\/li><\/ul>\n\n\n\n<p><strong>Sonntag, 1. Dezember 2019<\/strong><\/p>\n\n\n\n<p>14 Uhr: Figurentheater Puppetto zeigt \u201eDer Zoo der Guten Laune\u201c                                                <br>\n18 Uhr: Weihnachten in der Hutzenstub&#8216; mit \u201eDe Erbschleicher\u201c<\/p>\n\n\n\n<p><strong>Freitag, 6. Dezember 2019<\/strong><\/p>\n\n\n\n<ul class=\"wp-block-list\"><li>17 Uhr: Wichtelumzug durch die Innenstadt mit dem Weihnachtsmann, dem Weihnachtsengel und den \u201eSchnaudertaler Musikanten\u201c<\/li><li>19 Uhr: zum Nikolaus: \u201eRocking around the Christmas Tree\u201c mit der Suffy Sand Combo<\/li><\/ul>\n\n\n\n<p><strong>Samstag, 7. Dezember 2019<\/strong><\/p>\n\n\n\n<ul class=\"wp-block-list\"><li>14 Uhr: Kinderprogramm: \u201eDer Nussknacker und sein Schneemann\u201c<\/li><li>18 Uhr: Konzert \u201eDie Schalmeien sind los\u2026\u201c mit dem \u201eSchalmeienzug Auma \u2013 die Oldies e. V.\u201c<\/li><\/ul>\n\n\n\n<p><strong>Sonntag, 8. Dezember 2019<\/strong><\/p>\n\n\n\n<ul class=\"wp-block-list\"><li>10 Uhr: Gottesdienst mit dem Posaunenchor der Evangelischen Kirchgemeinde Gera<\/li><li>14 Uhr: Kinderprogramm \u201ePan Panazeh&#8217;s Adventszirkus\u201c (mit Geb\u00e4rdensprachdolmetscherin)<\/li><li>18 Uhr: weihnachtliches Konzert mit der \u201eBl\u00e4servereinigung W\u00fcnschendorf\u201c<\/li><\/ul>\n\n\n\n<p><strong>Freitag, 13. Dezember 2019<\/strong><\/p>\n\n\n\n<ul class=\"wp-block-list\"><li>19 Uhr: Irische Folk-Weihnachten mit Cat Henschelmann<\/li><\/ul>\n\n\n\n<p><strong>Samstag, 14. Dezember 201<\/strong>9<\/p>\n\n\n\n<ul class=\"wp-block-list\"><li>14 Uhr: Winterlieder mit Laura und Wilfried Mengs<\/li><li>18 Uhr: \u201eZauber der Weihnacht\u201c mit Larissa Sander<\/li><\/ul>\n\n\n\n<p><strong>Sonntag, 15. Dezember 2019<\/strong><\/p>\n\n\n\n<ul class=\"wp-block-list\"><li>14 Uhr: Clown Lulu<br>\n18 Uhr: der letzte lebende Troubadour \u201eSqueezebox-Teddy\u201c<\/li><\/ul>\n\n\n\n<p><strong>Freitag, 20. Dezember 2019<\/strong><\/p>\n\n\n\n<ul class=\"wp-block-list\"><li>19 Uhr: \u201eGolle &amp; Marie \u2013 das Gesangsduo der Extraklasse\u201c<\/li><\/ul>\n\n\n\n<p><strong>Samstag, 21. Dezember 2019<\/strong><\/p>\n\n\n\n<ul class=\"wp-block-list\"><li>14 Uhr: \u201eM\u00e4rchen und Musik\u201c mit Geschichtenerz\u00e4hler Andi Rietschel &amp; In Gowan Ring<\/li><li>18 Uhr: weihnachtliches Konzert mit den Th\u00fcringer Kreuzbuben <\/li><\/ul>\n\n\n\n<p><strong>Sonntag, 22. Dezember 2019<\/strong><\/p>\n\n\n\n<ul class=\"wp-block-list\"><li>14 Uhr: \u201eAstelix und Obetix im Weihnachtsland\u201c<\/li><li>18 Uhr: \u201eWeihnachten in den Bergen\u201c mit Charlotte &amp; Hammer<\/li><\/ul>\n\n\n\n<p><strong>Dienstag, 24. Dezember 2019<\/strong><\/p>\n\n\n\n<ul class=\"wp-block-list\"><li>14.30 Uhr: Glockenspiel vom Rathausturm mit den Rathausglocken-Spielern<\/li><li>15 Uhr: Turmblasen vom Rathausturm mit dem Posaunenchor der Evangelischen Kirchgemeinde Gera<\/li><\/ul>\n","protected":false},"excerpt":{"rendered":"<div class=\"mh-excerpt\"><p>Der Weihnachtsmarkt wurde am 29. November um 17 Uhr feierlich er\u00f6ffnet. Eingeleitet wurde die Er\u00f6ffnungszeremonie mit deinem Glockenspiel und weihnachtlicher Bl\u00e4sermusik. Anschlie\u00dfend entfaltete sich \u00fcber dem Marktplatz ein M\u00e4rchenzauber mit einer Lichtdarbietung. Der Rathausturm und <a class=\"mh-excerpt-more\" href=\"https:\/\/www.studiogera.de\/001\/2019\/11\/29\/programm-des-geraer-weihnachtsmarktes-2\/\" title=\"PROGRAMM DES GERAER WEIHNACHTSMARKTES\">[&#8230;]<\/a><\/p>\n<\/div>","protected":false},"author":2,"featured_media":9468,"comment_status":"open","ping_status":"open","sticky":false,"template":"","format":"standard","meta":{"footnotes":""},"categories":[8],"tags":[],"class_list":{"0":"post-9466","1":"post","2":"type-post","3":"status-publish","4":"format-standard","5":"has-post-thumbnail","7":"category-kultur"},"_links":{"self":[{"href":"https:\/\/www.studiogera.de\/001\/wp-json\/wp\/v2\/posts\/9466","targetHints":{"allow":["GET"]}}],"collection":[{"href":"https:\/\/www.studiogera.de\/001\/wp-json\/wp\/v2\/posts"}],"about":[{"href":"https:\/\/www.studiogera.de\/001\/wp-json\/wp\/v2\/types\/post"}],"author":[{"embeddable":true,"href":"https:\/\/www.studiogera.de\/001\/wp-json\/wp\/v2\/users\/2"}],"replies":[{"embeddable":true,"href":"https:\/\/www.studiogera.de\/001\/wp-json\/wp\/v2\/comments?post=9466"}],"version-history":[{"count":1,"href":"https:\/\/www.studiogera.de\/001\/wp-json\/wp\/v2\/posts\/9466\/revisions"}],"predecessor-version":[{"id":9467,"href":"https:\/\/www.studiogera.de\/001\/wp-json\/wp\/v2\/posts\/9466\/revisions\/9467"}],"wp:featuredmedia":[{"embeddable":true,"href":"https:\/\/www.studiogera.de\/001\/wp-json\/wp\/v2\/media\/9468"}],"wp:attachment":[{"href":"https:\/\/www.studiogera.de\/001\/wp-json\/wp\/v2\/media?parent=9466"}],"wp:term":[{"taxonomy":"category","embeddable":true,"href":"https:\/\/www.studiogera.de\/001\/wp-json\/wp\/v2\/categories?post=9466"},{"taxonomy":"post_tag","embeddable":true,"href":"https:\/\/www.studiogera.de\/001\/wp-json\/wp\/v2\/tags?post=9466"}],"curies":[{"name":"wp","href":"https:\/\/api.w.org\/{rel}","templated":true}]}}