{"id":9479,"date":"2019-12-01T12:51:32","date_gmt":"2019-12-01T11:51:32","guid":{"rendered":"http:\/\/www.studiogera.de\/001\/?p=9479"},"modified":"2019-12-01T12:51:34","modified_gmt":"2019-12-01T11:51:34","slug":"ard-vorsitzender-kuendigt-einsparungen-an","status":"publish","type":"post","link":"https:\/\/www.studiogera.de\/001\/2019\/12\/01\/ard-vorsitzender-kuendigt-einsparungen-an\/","title":{"rendered":"ARD-VORSITZENDER K\u00dcNDIGT EINSPARUNGEN AN"},"content":{"rendered":"\n<p>Die ARD k\u00fcndigte Ende November 2019 f\u00fcr die kommende Zeit deutliche Einsparungen an. Der amtierende ARD-Vorsitzende und Intendant des Bayerischen Rundfunks, Ulrich Wilhelm, sagte am 27. November 2019 in M\u00fcnchen nach einer Tagung der Intendanten, es werde auch zu Einbu\u00dfen in Qualit\u00e4t und Volumen der Programme kommen.<\/p>\n\n\n\n<p>Die Kommission zur Ermittlung des Finanzbedarfs hatte zuvor empfohlen, den monatlichen Rundfunkbeitrag um 86 Cent auf 18,36 Euro zu erh\u00f6hen. Nach Ansicht Wilhelms und der Intendanten ist diese Abhebung zu gering. Sie decke weder den gegenw\u00e4rtigen Bedarf in Zeiten des digitalen Wandels, noch gleiche sie die Teuerung aus. Es wurde angek\u00fcndigt, die Mediathek der Anstalt weiterzuentwickeln und k\u00fcnftig auch exklusiv Inhalte f\u00fcr diese zu produzieren.<\/p>\n\n\n\n<p>Eine Aufzeichnung der ARD-Pressekonferenz vom 27. November 2019 finden Sie unter der Adresse <br> &#8222;<a href=\"http:\/\/www.ard.de\/home\/die-ard\/presse-kontakt\/pressearchiv\/Video_Mitschnitt_der_ARD_Pressekonferenz\/5813610\/index.html\">http:\/\/www.ard.de\/home\/die-ard\/presse-kontakt\/pressearchiv\/Video_Mitschnitt_der_ARD_Pressekonferenz\/5813610\/index.html<\/a>&#8220; (externe Weiterleitung).<\/p>\n","protected":false},"excerpt":{"rendered":"<div class=\"mh-excerpt\"><p>Die ARD k\u00fcndigte Ende November 2019 f\u00fcr die kommende Zeit deutliche Einsparungen an. Der amtierende ARD-Vorsitzende und Intendant des Bayerischen Rundfunks, Ulrich Wilhelm, sagte am 27. November 2019 in M\u00fcnchen nach einer Tagung der Intendanten, <a class=\"mh-excerpt-more\" href=\"https:\/\/www.studiogera.de\/001\/2019\/12\/01\/ard-vorsitzender-kuendigt-einsparungen-an\/\" title=\"ARD-VORSITZENDER K\u00dcNDIGT EINSPARUNGEN AN\">[&#8230;]<\/a><\/p>\n<\/div>","protected":false},"author":2,"featured_media":352,"comment_status":"open","ping_status":"open","sticky":false,"template":"","format":"standard","meta":{"footnotes":""},"categories":[17],"tags":[],"class_list":{"0":"post-9479","1":"post","2":"type-post","3":"status-publish","4":"format-standard","5":"has-post-thumbnail","7":"category-medien"},"_links":{"self":[{"href":"https:\/\/www.studiogera.de\/001\/wp-json\/wp\/v2\/posts\/9479","targetHints":{"allow":["GET"]}}],"collection":[{"href":"https:\/\/www.studiogera.de\/001\/wp-json\/wp\/v2\/posts"}],"about":[{"href":"https:\/\/www.studiogera.de\/001\/wp-json\/wp\/v2\/types\/post"}],"author":[{"embeddable":true,"href":"https:\/\/www.studiogera.de\/001\/wp-json\/wp\/v2\/users\/2"}],"replies":[{"embeddable":true,"href":"https:\/\/www.studiogera.de\/001\/wp-json\/wp\/v2\/comments?post=9479"}],"version-history":[{"count":1,"href":"https:\/\/www.studiogera.de\/001\/wp-json\/wp\/v2\/posts\/9479\/revisions"}],"predecessor-version":[{"id":9480,"href":"https:\/\/www.studiogera.de\/001\/wp-json\/wp\/v2\/posts\/9479\/revisions\/9480"}],"wp:featuredmedia":[{"embeddable":true,"href":"https:\/\/www.studiogera.de\/001\/wp-json\/wp\/v2\/media\/352"}],"wp:attachment":[{"href":"https:\/\/www.studiogera.de\/001\/wp-json\/wp\/v2\/media?parent=9479"}],"wp:term":[{"taxonomy":"category","embeddable":true,"href":"https:\/\/www.studiogera.de\/001\/wp-json\/wp\/v2\/categories?post=9479"},{"taxonomy":"post_tag","embeddable":true,"href":"https:\/\/www.studiogera.de\/001\/wp-json\/wp\/v2\/tags?post=9479"}],"curies":[{"name":"wp","href":"https:\/\/api.w.org\/{rel}","templated":true}]}}