{"id":9481,"date":"2019-12-01T15:18:08","date_gmt":"2019-12-01T14:18:08","guid":{"rendered":"http:\/\/www.studiogera.de\/001\/?p=9481"},"modified":"2019-12-02T23:11:26","modified_gmt":"2019-12-02T22:11:26","slug":"abstimmung-ueber-den-vorsitz-der-spd","status":"publish","type":"post","link":"https:\/\/www.studiogera.de\/001\/2019\/12\/01\/abstimmung-ueber-den-vorsitz-der-spd\/","title":{"rendered":"ABSTIMMUNG \u00dcBER DEN VORSITZ DER SPD"},"content":{"rendered":"\n<p>Das Duo Norbert Walter-Borjans und Saskia Esken gewann zur Mitgliederbefragung am 30. November 2019 die Abstimmung um den Vorsitz der SPD. Es setzte sich damit gegen Olaf Scholz und Klara Geywitz mit 53,06 % zu 45,33 % Stimmen durch. Stimmberechtigt waren 425&#8217;630 Mitglieder. Zum Parteitag am 6. Dezember 2019 wird der neue Vorsitz offiziell gew\u00e4hlt und implementiert werden.<\/p>\n\n\n\n<p>Das Ergebnis ist selbst f\u00fcr viele f\u00fchrende Mitglieder der SPD \u00fcberraschend. Entscheidend f\u00fcr dieses Ergebnis sollen die Stimmen der Jungsozialisten gewesen sein. Olaf Scholz, Generalsekret\u00e4r unter Gerhard Schr\u00f6der, war an den damaligen Reformen ma\u00dfgeblich beteiligt und genie\u00dfe zu wenig Glaubw\u00fcrdigkeit, wenn er die SPD pl\u00f6tzlich wieder weiter nach links bewegen will. Zudem sei er zu siegessicher gewesen, meinen Beobachter.<\/p>\n\n\n\n<p>Das Fortbestehen der Gro\u00dfen Koalition wird nun in Zweifel gezogen. Saskia Esken hatte mehrmals Nachverhandlungen beim Koalitionsvertrag gefordert und sich sogar daf\u00fcr ausgesprochen, das B\u00fcndnis mit der Union zu verlassen. Sie verlangt einen h\u00f6heren Mindestlohn noch in dieser Legislaturperiode und mehr Geld f\u00fcr die Erreichung der Klimaziele. Mit Blick auf diese sprach sie von einer Anhebung des Kohlenstoffdioxid-Preises auf 40 Euro je Tonne. Annegret Kramp-Karrenbauer jedoch lehnt neue Verhandlungen mit der SPD ab. Im ZDF sagte Norbert Walter-Borjans, die Gro\u00dfe Koalition sei der Grund daf\u00fcr, dass die Partei so klein und die R\u00e4nder so stark geworden sind (Heute-Journal, Ausstrahlung vom 30. November 2019, Minute 6:45). Bei einem Verlassen der Gro\u00dfen Koalition w\u00fcrde die SPD mehreren Einsch\u00e4tzungen zufolge noch deutlichere Einbu\u00dfen erleiden.<\/p>\n","protected":false},"excerpt":{"rendered":"<div class=\"mh-excerpt\"><p>Das Duo Norbert Walter-Borjans und Saskia Esken gewann zur Mitgliederbefragung am 30. November 2019 die Abstimmung um den Vorsitz der SPD. Es setzte sich damit gegen Olaf Scholz und Klara Geywitz mit 53,06 % zu <a class=\"mh-excerpt-more\" href=\"https:\/\/www.studiogera.de\/001\/2019\/12\/01\/abstimmung-ueber-den-vorsitz-der-spd\/\" title=\"ABSTIMMUNG \u00dcBER DEN VORSITZ DER SPD\">[&#8230;]<\/a><\/p>\n<\/div>","protected":false},"author":2,"featured_media":0,"comment_status":"open","ping_status":"open","sticky":false,"template":"","format":"standard","meta":{"footnotes":""},"categories":[2],"tags":[],"class_list":{"0":"post-9481","1":"post","2":"type-post","3":"status-publish","4":"format-standard","6":"category-weltweit"},"_links":{"self":[{"href":"https:\/\/www.studiogera.de\/001\/wp-json\/wp\/v2\/posts\/9481","targetHints":{"allow":["GET"]}}],"collection":[{"href":"https:\/\/www.studiogera.de\/001\/wp-json\/wp\/v2\/posts"}],"about":[{"href":"https:\/\/www.studiogera.de\/001\/wp-json\/wp\/v2\/types\/post"}],"author":[{"embeddable":true,"href":"https:\/\/www.studiogera.de\/001\/wp-json\/wp\/v2\/users\/2"}],"replies":[{"embeddable":true,"href":"https:\/\/www.studiogera.de\/001\/wp-json\/wp\/v2\/comments?post=9481"}],"version-history":[{"count":3,"href":"https:\/\/www.studiogera.de\/001\/wp-json\/wp\/v2\/posts\/9481\/revisions"}],"predecessor-version":[{"id":9524,"href":"https:\/\/www.studiogera.de\/001\/wp-json\/wp\/v2\/posts\/9481\/revisions\/9524"}],"wp:attachment":[{"href":"https:\/\/www.studiogera.de\/001\/wp-json\/wp\/v2\/media?parent=9481"}],"wp:term":[{"taxonomy":"category","embeddable":true,"href":"https:\/\/www.studiogera.de\/001\/wp-json\/wp\/v2\/categories?post=9481"},{"taxonomy":"post_tag","embeddable":true,"href":"https:\/\/www.studiogera.de\/001\/wp-json\/wp\/v2\/tags?post=9481"}],"curies":[{"name":"wp","href":"https:\/\/api.w.org\/{rel}","templated":true}]}}