{"id":9648,"date":"2019-12-13T09:27:31","date_gmt":"2019-12-13T08:27:31","guid":{"rendered":"http:\/\/www.studiogera.de\/001\/?p=9648"},"modified":"2019-12-13T09:27:33","modified_gmt":"2019-12-13T08:27:33","slug":"gera-wirbt-in-erfurt-um-lehramtsstudenten","status":"publish","type":"post","link":"https:\/\/www.studiogera.de\/001\/2019\/12\/13\/gera-wirbt-in-erfurt-um-lehramtsstudenten\/","title":{"rendered":"GERA WIRBT IN ERFURT UM LEHRAMTSSTUDENTEN"},"content":{"rendered":"\n<p><br>Im November und Dezember 2019 warb die Stadt Gera im Rahmen der Veranstaltungsreihe \u201eLernwerkstatt: Rund ums \u201aRef\u2018\u201c an der Universit\u00e4t Erfurt um Lehramtsstudenten. Ziel war es, die k\u00fcnftigen Lehrer zu motivieren, ihren Vorbereitungsdienst am Staatlichen Studienseminar f\u00fcr Lehrerausbildung am Puschkinplatz in Gera zu absolvieren und das Ostth\u00fcringer Oberzentrum als Arbeits- und Lebensmittelpunkt zu w\u00e4hlen. Mit einem Informationsstand hat der Fachdienst Bildung auf die Vorz\u00fcge Geras aufmerksam gemacht und dabei auf die Kultur-, Sport- und Freizeitm\u00f6glichkeiten sowie vielf\u00e4ltige Wohnraum\u00adangebote und g\u00fcnstige Lebenshaltungskosten hingewiesen. In Diskussionsrunden mit Lehramtsstudenten wurden Fragen zum\u00a0Vorbereitungsdienst beantwortet. Dabei haben ehemalige Lehramtsanw\u00e4rter die hervorragende Ausbildung am\u00a0Studienseminar in Gera hervorgehoben.<\/p>\n\n\n\n<p>Der Vorbereitungsdienst gilt als die herausforderndste Ausbildungsphase des Lehramts\u00adstudiums. Umso wichtiger ist es, sich fr\u00fchzeitig auf diese Phase vorzubereiten. Die Pr\u00e4sentation an der Universit\u00e4t Erfurt ist Teil der Geraer Aktivit\u00e4ten zur Gewinnung von Lehrern.<\/p>\n\n\n\n<p>QUELLE: STADTVERWALTUNG<\/p>\n","protected":false},"excerpt":{"rendered":"<div class=\"mh-excerpt\"><p>Im November und Dezember 2019 warb die Stadt Gera im Rahmen der Veranstaltungsreihe \u201eLernwerkstatt: Rund ums \u201aRef\u2018\u201c an der Universit\u00e4t Erfurt um Lehramtsstudenten. Ziel war es, die k\u00fcnftigen Lehrer zu motivieren, ihren Vorbereitungsdienst am Staatlichen <a class=\"mh-excerpt-more\" href=\"https:\/\/www.studiogera.de\/001\/2019\/12\/13\/gera-wirbt-in-erfurt-um-lehramtsstudenten\/\" title=\"GERA WIRBT IN ERFURT UM LEHRAMTSSTUDENTEN\">[&#8230;]<\/a><\/p>\n<\/div>","protected":false},"author":3,"featured_media":1224,"comment_status":"open","ping_status":"open","sticky":false,"template":"","format":"standard","meta":{"footnotes":""},"categories":[16],"tags":[],"class_list":{"0":"post-9648","1":"post","2":"type-post","3":"status-publish","4":"format-standard","5":"has-post-thumbnail","7":"category-kurzmitteilungen"},"_links":{"self":[{"href":"https:\/\/www.studiogera.de\/001\/wp-json\/wp\/v2\/posts\/9648","targetHints":{"allow":["GET"]}}],"collection":[{"href":"https:\/\/www.studiogera.de\/001\/wp-json\/wp\/v2\/posts"}],"about":[{"href":"https:\/\/www.studiogera.de\/001\/wp-json\/wp\/v2\/types\/post"}],"author":[{"embeddable":true,"href":"https:\/\/www.studiogera.de\/001\/wp-json\/wp\/v2\/users\/3"}],"replies":[{"embeddable":true,"href":"https:\/\/www.studiogera.de\/001\/wp-json\/wp\/v2\/comments?post=9648"}],"version-history":[{"count":1,"href":"https:\/\/www.studiogera.de\/001\/wp-json\/wp\/v2\/posts\/9648\/revisions"}],"predecessor-version":[{"id":9649,"href":"https:\/\/www.studiogera.de\/001\/wp-json\/wp\/v2\/posts\/9648\/revisions\/9649"}],"wp:featuredmedia":[{"embeddable":true,"href":"https:\/\/www.studiogera.de\/001\/wp-json\/wp\/v2\/media\/1224"}],"wp:attachment":[{"href":"https:\/\/www.studiogera.de\/001\/wp-json\/wp\/v2\/media?parent=9648"}],"wp:term":[{"taxonomy":"category","embeddable":true,"href":"https:\/\/www.studiogera.de\/001\/wp-json\/wp\/v2\/categories?post=9648"},{"taxonomy":"post_tag","embeddable":true,"href":"https:\/\/www.studiogera.de\/001\/wp-json\/wp\/v2\/tags?post=9648"}],"curies":[{"name":"wp","href":"https:\/\/api.w.org\/{rel}","templated":true}]}}