{"id":9730,"date":"2019-12-17T23:26:24","date_gmt":"2019-12-17T22:26:24","guid":{"rendered":"http:\/\/www.studiogera.de\/001\/?p=9730"},"modified":"2019-12-17T23:26:26","modified_gmt":"2019-12-17T22:26:26","slug":"hoechste-feinstaub-belastung-zum-jahreswechsel","status":"publish","type":"post","link":"https:\/\/www.studiogera.de\/001\/2019\/12\/17\/hoechste-feinstaub-belastung-zum-jahreswechsel\/","title":{"rendered":"H\u00d6CHSTE FEINSTAUB-BELASTUNG ZUM JAHRESWECHSEL"},"content":{"rendered":"\n<p>Als eine archaische Art des Feierns und nicht mehr zeitgem\u00e4\u00df bezeichnete der Bundesgesch\u00e4ftsf\u00fchrer des Vereines &#8222;Deutsche Umwelthilfe&#8220; im Deutschlandfunk den Brauch, an Silvester Feuerwerke zu z\u00fcnden und fordert ein Verbot f\u00fcr Privatpersonen.<\/p>\n\n\n\n<p>In Deutschland seien Silvester und Neujahr die Tage mit den h\u00f6chsten Feinstaubbelastungen des Jahres. Zudem sei die L\u00e4rmbelastung erheblich, und alte Menschen, Demenzkranke sowie Haustiere litten darunter. Feuerwerken f\u00fchrten auch zu Verletzungen und Br\u00e4nden; entsprechend hoch sei die Zahl der Eins\u00e4tze von Feuerwehren, Sanit\u00e4tern und Not\u00e4rzten.<\/p>\n\n\n\n<p>Der Verein hatte bereits in 98 Kommunen Antr\u00e4ge gestellt, Verbotszonen f\u00fcr Silvester-Feuerwerke einzurichten. F\u00fcr 67 St\u00e4dte, darunter Erfurt, Weimar, Gera und M\u00fchlhausen, wurde der Antrag bereits am 21. Oktober 2019 eingereicht. 88 Kommunen h\u00e4tten geantwortet, und hiervon 38 mitgeteilt, bereits Verbotszonen eingerichtet zu haben bzw. dies planen. <\/p>\n\n\n\n<p>Ein allgemeines Verbot ist derzeit jedoch nicht m\u00f6glich. Hierzu m\u00fcsste auf Bundesebene zun\u00e4chst die Sprengstoff-Verordnung ge\u00e4ndert werden. Ein politischer Wille hierzu ist nach Einsch\u00e4tzung des Vereines derzeit nicht erkennbar.<\/p>\n\n\n\n<p>Erlaubt ist vom 31. Dezember bis 1. Januar das Z\u00fcnden von Feuerwerksk\u00f6rpern der Klasse II. Darunter fallen Raketen, B\u00f6ller, Sonnenr\u00e4der und \u00e4hnliche K\u00f6rper.<\/p>\n","protected":false},"excerpt":{"rendered":"<div class=\"mh-excerpt\"><p>Als eine archaische Art des Feierns und nicht mehr zeitgem\u00e4\u00df bezeichnete der Bundesgesch\u00e4ftsf\u00fchrer des Vereines &#8222;Deutsche Umwelthilfe&#8220; im Deutschlandfunk den Brauch, an Silvester Feuerwerke zu z\u00fcnden und fordert ein Verbot f\u00fcr Privatpersonen. In Deutschland seien <a class=\"mh-excerpt-more\" href=\"https:\/\/www.studiogera.de\/001\/2019\/12\/17\/hoechste-feinstaub-belastung-zum-jahreswechsel\/\" title=\"H\u00d6CHSTE FEINSTAUB-BELASTUNG ZUM JAHRESWECHSEL\">[&#8230;]<\/a><\/p>\n<\/div>","protected":false},"author":2,"featured_media":9731,"comment_status":"open","ping_status":"open","sticky":false,"template":"","format":"standard","meta":{"footnotes":""},"categories":[1],"tags":[],"class_list":{"0":"post-9730","1":"post","2":"type-post","3":"status-publish","4":"format-standard","5":"has-post-thumbnail","7":"category-vermischtes"},"_links":{"self":[{"href":"https:\/\/www.studiogera.de\/001\/wp-json\/wp\/v2\/posts\/9730","targetHints":{"allow":["GET"]}}],"collection":[{"href":"https:\/\/www.studiogera.de\/001\/wp-json\/wp\/v2\/posts"}],"about":[{"href":"https:\/\/www.studiogera.de\/001\/wp-json\/wp\/v2\/types\/post"}],"author":[{"embeddable":true,"href":"https:\/\/www.studiogera.de\/001\/wp-json\/wp\/v2\/users\/2"}],"replies":[{"embeddable":true,"href":"https:\/\/www.studiogera.de\/001\/wp-json\/wp\/v2\/comments?post=9730"}],"version-history":[{"count":1,"href":"https:\/\/www.studiogera.de\/001\/wp-json\/wp\/v2\/posts\/9730\/revisions"}],"predecessor-version":[{"id":9732,"href":"https:\/\/www.studiogera.de\/001\/wp-json\/wp\/v2\/posts\/9730\/revisions\/9732"}],"wp:featuredmedia":[{"embeddable":true,"href":"https:\/\/www.studiogera.de\/001\/wp-json\/wp\/v2\/media\/9731"}],"wp:attachment":[{"href":"https:\/\/www.studiogera.de\/001\/wp-json\/wp\/v2\/media?parent=9730"}],"wp:term":[{"taxonomy":"category","embeddable":true,"href":"https:\/\/www.studiogera.de\/001\/wp-json\/wp\/v2\/categories?post=9730"},{"taxonomy":"post_tag","embeddable":true,"href":"https:\/\/www.studiogera.de\/001\/wp-json\/wp\/v2\/tags?post=9730"}],"curies":[{"name":"wp","href":"https:\/\/api.w.org\/{rel}","templated":true}]}}