{"id":9733,"date":"2019-12-17T23:52:05","date_gmt":"2019-12-17T22:52:05","guid":{"rendered":"http:\/\/www.studiogera.de\/001\/?p=9733"},"modified":"2019-12-17T23:52:41","modified_gmt":"2019-12-17T22:52:41","slug":"bilanz-und-ausblick-der-musikschule-heinrich-schuetz","status":"publish","type":"post","link":"https:\/\/www.studiogera.de\/001\/2019\/12\/17\/bilanz-und-ausblick-der-musikschule-heinrich-schuetz\/","title":{"rendered":"BILANZ UND AUSBLICK DER MUSIKSCHULE \u201eHEINRICH SCH\u00dcTZ\u201d"},"content":{"rendered":"\n<p>Im Hauptgeb\u00e4ude der Musikschule, Biermannplatz 1, und der Tonhalle am Puschkinplatz musizieren an jedem Wochentag Sch\u00fcler der Musikschule \u201eHeinrich Sch\u00fctz\u201c. Sie erlernen ein Musikinstrument, singen und tanzen. Aus allen Stadtteilen und auch umliegenden Ortschaften reisen sie an, um es in ihrem Hobby m\u00f6glichst zur Meisterschaft zu bringen.<\/p>\n\n\n\n<p>St\u00e4dtische Feste und Veranstaltungsreihen gestalten Musiksch\u00fcler ebenfalls mit. Beispiele sind das allj\u00e4hrliche H\u00f6hlerfest und Hofwiesenparkfest sowie das Programm f\u00fcr \u201eKultur im K\u00fcchengarten\u201c. Insgesamt 160 Veranstaltungen wurden im Jahre 2019 von Sch\u00fclern der Musikschule begleitet, davon waren 107 au\u00dferschulische Eins\u00e4tze bei externen Veranstaltern. Als gro\u00dfen Erfolg wird die Zahl an Unterrichtsbelegungen gefeiert. In den letzten zw\u00f6lf Monaten war diese mit 1100 Sch\u00fclern vierstellig.<\/p>\n\n\n\n<p>Im Jahresplan der Musikschule mischten sich bekannte Veranstaltungsreihen mit neuen Musikformaten und Veranstaltungen, die sich am Zeitgeschehen orientieren. Von der Matinee f\u00fcr den \u201eVogel des Jahres\u201c in Zusammenarbeit mit dem NABU Th\u00fcringen, \u00fcber das Gemeinschaftskonzert \u201eHeinrich trifft Heinrich\u201c mit den Musikspezialklassen des Goethegymnasium\/Rutheneum bis hin zum \u201eFr\u00fchlingskonzert f\u00fcr Senioren\u201c und dem \u201eKonzert im Advent\u201c im Konzertsaal des Theaters war f\u00fcr alle Generationen etwas dabei.<\/p>\n\n\n\n<p>Zum ersten Mal testete Dozent Burkhard Schlothauer den Ideenreichtum der Musiksch\u00fcler in einer Werkstatt mit dem Namen \u201eExperimentelle Musik\u201c. Die teilnehmenden Musiksch\u00fcler lie\u00dfen sich auf das Wagnis intuitive Musik ein, hier im Ansatz g\u00e4nzlich ohne die sonst meist vorhandenen und gewohnten Notenaufzeichnungen. Gern empfangen die Musiksch\u00fcler auch musikalische G\u00e4ste. So wurde der seit 2012 bestehende Kontakt zum Hilfsprojekt \u201eMusik statt Stra\u00dfe\u201c mit einem Gemeinschaftskonzert und Kaffeeklatsch in der Musikschule fortgesetzt. Lehrer und Sch\u00fcler staunten gleicherma\u00dfen \u00fcber das inzwischen hohe Niveau der bulgarischen Gastkinder und diese begeisterten sich am Umzug mit der Trommelgruppe \u201e Bateristas del Sol\u201c.<\/p>\n\n\n\n<p>Einen besonderen Platz im Konzert- und Wettbewerbsplan der Musikschule nehmen die Sch\u00fclerinnen und Sch\u00fcler der Begabtenf\u00f6rderung und des Talenteprogramms \u201eSprungbrett\u201c ein. Talentiert und ehrgeizig erarbeiten sie anspruchsvolle Programme und pr\u00e4sentieren sie gern und oft in der \u00d6ffentlichkeit. Einige nutzten die M\u00f6glichkeit und Chance in der Konzertreihe des Theaters \u201eKlassik bei Kerzenschein\u201c und traten als Solisten mit dem Philharmonischen Orchester Altenburg-Gera im Theater Gera und Altenburg auf.<\/p>\n\n\n\n<p>Mit Preisen und stets sehr guten Ergebnissen kehrten die Musiksch\u00fcler unter anderem von Wettbewerben in Jena, Gotha und Klingenthal erfolgreich zur\u00fcck. Hohe Anerkennung verdient der dritte Preis beim Bundesausscheid in Halle\/Saale den Johannes Deutsch\/Klarinette und Pia Kneisel\/Klavier erlangten. Im innerschulischen Wettbewerb \u201eTastenzauber\u201c, der seit 2013 auch offen ist f\u00fcr die Klaviersch\u00fcler der Spezialklassen f\u00fcr Musik, erklangen viele anspruchsvolle Programme. F\u00fcr eine herausragende k\u00fcnstlerische Leistung konnte Paula Teichm\u00fcller der Friederici-Preis verliehen werden.<\/p>\n\n\n\n<p>F\u00fcr gleich zwei Kinderprojekte f\u00fcr Schulklassen und Hortgruppen \u00f6ffnete die Musikschule ihre T\u00fcren: Die Abteilung Tanz\/Ballett bezauberte mit einer eigenen Variation des Balletts \u201eDer Nussknacker\u201c in der eigens kreierten Auff\u00fchrung \u201eMaries Traum\u201c. Nach Auff\u00fchrungen in der Tonhalle wurde die eigene Auff\u00fchrung im Gro\u00dfen Saal des Theaters Gera ein Glanzpunkt im Musikschuljahr. Mit dem Kinderprojekt \u201eEine Hausmusik bei Heinrich Sch\u00fctz\u201c gibt die Musikschule ihre Visitenkarte zum Namenspatron ab.<\/p>\n\n\n\n<p>Die Spannung auf das \u201eJahr der Musik 2020\u201c steigt. Die Musikschule bereitet viele Konzerte und Erlebnisse f\u00fcr Sch\u00fcler, Eltern,  Lehrer und Publikum vor. Wer das klingende Haus noch nicht kennt, hat am Samstag, den 11. Januar 2020n die Chance, dies zu \u00e4ndern. \u201eIm Haus der Musikinstrumente\u201c \u2013 unter diesem Motto stellen sich die \u201eBewohner\u201c vor.  Geeignet ist diese Veranstaltung f\u00fcr alle Generationen. Es kann aktiv und passiv Musik erlebt werden: lauschend im Konzert, beim Probieren der Instrumente oder einem gemeinsamen Singen. In einem Sprechzimmer werden Fragen zur Ausbildung beantwortet und ein weiteres steht f\u00fcr fachliche Fragen offen.<\/p>\n\n\n\n<p>Auch f\u00fcr die Musiksch\u00fcler gibt es im Jahr der Musik einen besonderen Anreiz: Erstmals findet im Juni ein Kammermusikwettbewerb in der Schule statt. Er ist f\u00fcr Musiksch\u00fcler und Spezialsch\u00fcler des Goethegymnasiums ausgeschrieben und f\u00f6rdert das gemeinsame Musizieren. Das Kammerorchester der beiden musikalischen Bildungseinrichtungen in Gera wird am VI. Th\u00fcringer Orchestertreffen in Sondershausen teilnehmen und ein vielseitiges Programm (Werke von Franz Schubert, L. v. Beethoven, L. Bernstein und Badelt) mit anderen Orchestern der Th\u00fcringer Musikschulen proben und in der Weimarhalle in Weimar zur Auff\u00fchrung bringen.<\/p>\n\n\n\n<p>Hervorzuheben ist ebenfalls das Jubil\u00e4um der st\u00e4dtepartnerschaftlichen Freundschaft der Musikschulen Skierniewice und Gera. Seit nunmehr 25 Jahren besteht ein reger Austausch, der immer wieder neue Anregungen gibt. Die Planung f\u00fcr dieses Jubil\u00e4um hat begonnen.<\/p>\n\n\n\n<p>In all den zahlreichen Klassenvorspielen und Konzerten werden die Sch\u00fcler auch im Jahr 2020 ihr K\u00f6nnen pr\u00e4sentieren. Diese Vorspiele und Konzerte sind \u00f6ffentlich. Es steigert die Aufregung bei den meist jungen Interpreten, wenn die Pl\u00e4tze im Saal besetzt sind. Der Applaus nach dem Vortrag ist die Belohnung f\u00fcr die zuvor ausgestandenen M\u00fchen und Ansporn f\u00fcr ein n\u00e4chstes Mal. Interessenten k\u00f6nnen sich jederzeit auf &#8222;http:\/\/www.musikschule-heinrich-schuetz.de\/&#8220; genauer informieren und ausgew\u00e4hlte Veranstaltungen besuchen. Wer die zahlreichen Aktivit\u00e4ten der Musikschule unterst\u00fctzen m\u00f6chte, findet auf der Webseite auch die Kontaktdaten des F\u00f6rdervereins. <\/p>\n\n\n\n<p>QUELLE: STADTVERWALTUNG<\/p>\n","protected":false},"excerpt":{"rendered":"<div class=\"mh-excerpt\"><p>Im Hauptgeb\u00e4ude der Musikschule, Biermannplatz 1, und der Tonhalle am Puschkinplatz musizieren an jedem Wochentag Sch\u00fcler der Musikschule \u201eHeinrich Sch\u00fctz\u201c. Sie erlernen ein Musikinstrument, singen und tanzen. Aus allen Stadtteilen und auch umliegenden Ortschaften reisen <a class=\"mh-excerpt-more\" href=\"https:\/\/www.studiogera.de\/001\/2019\/12\/17\/bilanz-und-ausblick-der-musikschule-heinrich-schuetz\/\" title=\"BILANZ UND AUSBLICK DER MUSIKSCHULE \u201eHEINRICH SCH\u00dcTZ\u201d\">[&#8230;]<\/a><\/p>\n<\/div>","protected":false},"author":2,"featured_media":9734,"comment_status":"open","ping_status":"open","sticky":false,"template":"","format":"standard","meta":{"footnotes":""},"categories":[8],"tags":[],"class_list":{"0":"post-9733","1":"post","2":"type-post","3":"status-publish","4":"format-standard","5":"has-post-thumbnail","7":"category-kultur"},"_links":{"self":[{"href":"https:\/\/www.studiogera.de\/001\/wp-json\/wp\/v2\/posts\/9733","targetHints":{"allow":["GET"]}}],"collection":[{"href":"https:\/\/www.studiogera.de\/001\/wp-json\/wp\/v2\/posts"}],"about":[{"href":"https:\/\/www.studiogera.de\/001\/wp-json\/wp\/v2\/types\/post"}],"author":[{"embeddable":true,"href":"https:\/\/www.studiogera.de\/001\/wp-json\/wp\/v2\/users\/2"}],"replies":[{"embeddable":true,"href":"https:\/\/www.studiogera.de\/001\/wp-json\/wp\/v2\/comments?post=9733"}],"version-history":[{"count":2,"href":"https:\/\/www.studiogera.de\/001\/wp-json\/wp\/v2\/posts\/9733\/revisions"}],"predecessor-version":[{"id":9736,"href":"https:\/\/www.studiogera.de\/001\/wp-json\/wp\/v2\/posts\/9733\/revisions\/9736"}],"wp:featuredmedia":[{"embeddable":true,"href":"https:\/\/www.studiogera.de\/001\/wp-json\/wp\/v2\/media\/9734"}],"wp:attachment":[{"href":"https:\/\/www.studiogera.de\/001\/wp-json\/wp\/v2\/media?parent=9733"}],"wp:term":[{"taxonomy":"category","embeddable":true,"href":"https:\/\/www.studiogera.de\/001\/wp-json\/wp\/v2\/categories?post=9733"},{"taxonomy":"post_tag","embeddable":true,"href":"https:\/\/www.studiogera.de\/001\/wp-json\/wp\/v2\/tags?post=9733"}],"curies":[{"name":"wp","href":"https:\/\/api.w.org\/{rel}","templated":true}]}}