{"id":9833,"date":"2019-12-30T12:52:01","date_gmt":"2019-12-30T11:52:01","guid":{"rendered":"http:\/\/www.studiogera.de\/001\/?p=9833"},"modified":"2019-12-30T12:53:44","modified_gmt":"2019-12-30T11:53:44","slug":"bilanz-zu-stadtfesten-im-veranstaltungsjahr-2019","status":"publish","type":"post","link":"https:\/\/www.studiogera.de\/001\/2019\/12\/30\/bilanz-zu-stadtfesten-im-veranstaltungsjahr-2019\/","title":{"rendered":"BILANZ ZU STADTFESTEN IM VERANSTALTUNGSJAHR 2019"},"content":{"rendered":"\n<p>Das Veranstaltungsjahr der Stadtfeste begann mit dem Fr\u00fchlingsvolksfest vom 27. April bis zum 12.Mai 2019. Fahrgesch\u00e4ften wie Nostalgie- Kettenflieger und Auto-Scooter sowie viele Angebote f\u00fcr die kleinen Besucher machten das diesj\u00e4hrige Fr\u00fchlingsvolksfest zu einem Ausflugsziel f\u00fcr die ganze Familie. Am 29. April 2019 erm\u00f6glichten die Schausteller 20 Kindern aus dem Kinder- und Jugendhilfebereich der Geraer Heimbetriebsgesellschaft mbH einen zweist\u00fcndigen kostenlosen Rummelbesuch. Trotz widriger Wetterumst\u00e4nde und kurzfristiger Teilnahmeabsagen waren insbesondere die Familientage zu erm\u00e4\u00dfigten Preisen gut besucht. Das H\u00f6henfeuerwerk am 10. Mai 2019 war wieder zu jedem Rummel ein Highlight f\u00fcr die insgesamt 35&#8217;000 Besucher. Beim Fr\u00fchlingsvolksfest wurde mittels einer Umfrage ein neuer Name f\u00fcr das Volksfest gesucht. Die Zuschriften f\u00fchrten im Ergebnis allerdings zu keinem neuen Namen.<\/p>\n\n\n\n<p>In einen gro\u00dfen Basar verwandelte sich \u201eGeras gute Stube&#8220; zum zehnten T\u00f6pfermarkt am 25. und 26. Mai. 75 T\u00f6pferwerkst\u00e4tten pr\u00e4sentieren klassische und moderne Keramik. Das Spektrum reicht vom Gebrauchsgeschirr, \u00fcber originellen Schmuck, lustige Gartendekorationen bis hin zu phantasievollen Skulpturen. Die insgesamt 13&#8217;000 Besucher konnten den T\u00f6pfern an beiden Tagen beim Drehen auf den T\u00f6pferscheiben \u00fcber die Schulter schauen und sogar selbst Hand anlegen.<\/p>\n\n\n\n<p>Tierisch viel los war zum Tierpark- und Dahlienfest am 14. und 15. September 2019. In beiden Arealen wurden tolle Programme f\u00fcr Jung und Alt geboten. Ganz in Familie konnten die insgesamt 6300 Besucher die unterschiedlichen Offerten genie\u00dfen und durch das Gel\u00e4nde am Martinsgrund flanieren. Dabei konnte ein Besucherplus gegen\u00fcber dem Vorjahr erzielt werden. Tiertaufe, Musik, Pl\u00fcschtierparty, historische F\u00fchrungen im Dahliengarten und kommentierte F\u00fchrungen im Tierpark erwarteten die Festbesucher. Publikumslieblinge waren Frau Puppendoktor Pille und der Schlagers\u00e4nger Muck. Nat\u00fcrlich hatten die G\u00e4ste auch wieder die M\u00f6glichkeit, die sch\u00f6nste Dahlie zu w\u00e4hlen und attraktive Preise zu gewinnen.<\/p>\n\n\n\n<p>Vom 3. bis 6. Oktober verwandelte sich Geras Altstadt mit einem bunten Programm f\u00fcr die ganze Familie, Mittelaltermarkt, Rummel und verkaufsoffenem Sonntag in eine riesige Festmeile. Trotz der rapide gesunkenen Temperaturen, trotz Regens kamen insgesamt 50&#8217;000 Besucher und lachten, sangen und tanzten. Auf der gro\u00dfen Festb\u00fchne vor dem KUK gab es vier Tage lang musikalische Unterhaltung f\u00fcr jeden Geschmack. Besuchermagnet war wieder der historische Umzug und des H\u00f6hlervereins und die Verleihung der K\u00f6stritzer Bierstange. Der Geraer Marktplatz verwandelte sich f\u00fcr die vier Tage in einen mittelalterlichen Schauplatz mit historischen Handwerks- und Verkaufsst\u00e4nden, Spielleuten, Gauklern und Gaumenschmaus f\u00fcr Jedermann. Wie in jedem Jahr konnten auch die Historischen H\u00f6hler besichtigt werden und der H\u00f6hlerverein bot F\u00fchrungen auch in nicht\u00f6ffentlichen H\u00f6hlern an. Passend dazu inszenierten drei Einzelh\u00e4ndler der Humboldtstra\u00dfe ein kleines Stra\u00dfenfest.<\/p>\n\n\n\n<p>Sechzehn Tage lang boten 30 Schaustellergesch\u00e4fte den Geraern und ihren G\u00e4sten Spa\u00df und Unterhaltung. Mit Fahrgesch\u00e4ften wie \u201eBreak-Dance\u201d, \u201eEntertainer\u201d, Schieck&#8217;s \u201eEuropa- Riesenrad\u201d, mit 38 Metern H\u00f6he und dem Auto-Scooter wurde jede Menge Action geboten. Neu war in diesem Herbst u. a. das spektakul\u00e4re Hochfahrgesch\u00e4ft \u201eFreak\u201d. Gut besucht waren die Familientage zu erm\u00e4\u00dfigten Preisen. Der schon zur Tradition gewordene Lampion- und Fackelumzug am 25. Oktober 2019 und auch das H\u00f6henfeuerwerk am 1. November 2019 war wieder ein Highlight f\u00fcr die insgesamt 80&#8217;000 Besucher. Damit konnte ein deutliches Besucherplus gegen\u00fcber dem Vorjahr erzielt werden. Am 31.Oktober 2019 gab es au\u00dferdem einem Thementag. Das Herbstvolksfest stand n\u00e4mlich unter dem Motto \u201eHalloween\u201c.<\/p>\n\n\n\n<p>Die positiven Besucherzahlen und das erfolgreiche Res\u00fcmee stimmen die Kolleginnen und Kollegen aus dem Bereich Kultur optimistisch f\u00fcr das neue Jahr. Die Planungen f\u00fcr das n\u00e4chste Fr\u00fchjahrs- und Herbstvolksfest sind schon in vollem Gange. Zu den beiden Festen soll es Thementage und Veranstaltungsangebote geben.<\/p>\n\n\n\n<p>Ab dem Jahre 2020 findet das Geraer H\u00f6hlerfest immer am ersten Wochenende im September statt. Das 30-j\u00e4hrige Jubil\u00e4um wird vom 4. September bis 6. September 2020 mit vielen \u00dcberraschungen und einem gro\u00dfen Programmaufgebot gefeiert.<\/p>\n\n\n\n<p>QUELLE: STADTVERWALTUNG<\/p>\n","protected":false},"excerpt":{"rendered":"<div class=\"mh-excerpt\"><p>Das Veranstaltungsjahr der Stadtfeste begann mit dem Fr\u00fchlingsvolksfest vom 27. April bis zum 12.Mai 2019. Fahrgesch\u00e4ften wie Nostalgie- Kettenflieger und Auto-Scooter sowie viele Angebote f\u00fcr die kleinen Besucher machten das diesj\u00e4hrige Fr\u00fchlingsvolksfest zu einem Ausflugsziel <a class=\"mh-excerpt-more\" href=\"https:\/\/www.studiogera.de\/001\/2019\/12\/30\/bilanz-zu-stadtfesten-im-veranstaltungsjahr-2019\/\" title=\"BILANZ ZU STADTFESTEN IM VERANSTALTUNGSJAHR 2019\">[&#8230;]<\/a><\/p>\n<\/div>","protected":false},"author":2,"featured_media":9835,"comment_status":"open","ping_status":"open","sticky":false,"template":"","format":"standard","meta":{"footnotes":""},"categories":[8],"tags":[],"class_list":{"0":"post-9833","1":"post","2":"type-post","3":"status-publish","4":"format-standard","5":"has-post-thumbnail","7":"category-kultur"},"_links":{"self":[{"href":"https:\/\/www.studiogera.de\/001\/wp-json\/wp\/v2\/posts\/9833","targetHints":{"allow":["GET"]}}],"collection":[{"href":"https:\/\/www.studiogera.de\/001\/wp-json\/wp\/v2\/posts"}],"about":[{"href":"https:\/\/www.studiogera.de\/001\/wp-json\/wp\/v2\/types\/post"}],"author":[{"embeddable":true,"href":"https:\/\/www.studiogera.de\/001\/wp-json\/wp\/v2\/users\/2"}],"replies":[{"embeddable":true,"href":"https:\/\/www.studiogera.de\/001\/wp-json\/wp\/v2\/comments?post=9833"}],"version-history":[{"count":1,"href":"https:\/\/www.studiogera.de\/001\/wp-json\/wp\/v2\/posts\/9833\/revisions"}],"predecessor-version":[{"id":9834,"href":"https:\/\/www.studiogera.de\/001\/wp-json\/wp\/v2\/posts\/9833\/revisions\/9834"}],"wp:featuredmedia":[{"embeddable":true,"href":"https:\/\/www.studiogera.de\/001\/wp-json\/wp\/v2\/media\/9835"}],"wp:attachment":[{"href":"https:\/\/www.studiogera.de\/001\/wp-json\/wp\/v2\/media?parent=9833"}],"wp:term":[{"taxonomy":"category","embeddable":true,"href":"https:\/\/www.studiogera.de\/001\/wp-json\/wp\/v2\/categories?post=9833"},{"taxonomy":"post_tag","embeddable":true,"href":"https:\/\/www.studiogera.de\/001\/wp-json\/wp\/v2\/tags?post=9833"}],"curies":[{"name":"wp","href":"https:\/\/api.w.org\/{rel}","templated":true}]}}