{"id":9836,"date":"2019-12-30T13:09:09","date_gmt":"2019-12-30T12:09:09","guid":{"rendered":"http:\/\/www.studiogera.de\/001\/?p=9836"},"modified":"2019-12-30T13:09:11","modified_gmt":"2019-12-30T12:09:11","slug":"tierpark-eisenbahner-ziehen-positive-bilanz","status":"publish","type":"post","link":"https:\/\/www.studiogera.de\/001\/2019\/12\/30\/tierpark-eisenbahner-ziehen-positive-bilanz\/","title":{"rendered":"TIERPARK-EISENBAHNER ZIEHEN POSITIVE BILANZ"},"content":{"rendered":"\n<p>Neben dem erfolgreichen Jahresabschluss des Tierparks Gera mit \u00fcber 150&#8217;000 Besuchern, konnten auch die Parkeisenbahner konnten eine sehr erfolgreiche Bilanz ziehen. \u201eDie Fahrsaison der Parkeisenbahn Gera ist beendet. Wir danken allen Fahrg\u00e4sten, Freunden und Sponsoren und freuen uns auf die Fahrsaisoner\u00f6ffnung zu Ostern 2020\u201c, so Hans-Joachim Lassmann, Leiter der st\u00e4dtischen Parkeisenbahn. Umso mehr freute er sich mit seinen Mitstreitern, dass f\u00fcr die Fahrsaison nach der Beendigung insgesamt 45&#8217;555 Fahrg\u00e4ste zu Buche stehen.<\/p>\n\n\n\n<p>Im Jahr 2016 wurde der zweimillionste Fahrgast auf der Schmalspurbahn im Tierpark seit der Er\u00f6ffnung im Jahr 1975 gefeiert. Die Zahl der Fahrg\u00e4ste stieg seit 2017 von Jahr zu Jahr an und nach wie vor erfreut sich die Parkeisenbahn gro\u00dfer Beliebtheit. \u201eEs handelt sich um die h\u00f6chsten Fahrgastzahlen seit 1997\u201c, freut sich der Leiter. Eine positive Bilanz ist das f\u00fcr die Gruppe um Herrn Lassmann. Ein aufregendes Jahr 2019 hatte f\u00fcr die jungen Parkeisenbahner mit dem X. Nationalen Parkeisenbahntreffen am ersten Februarwochenende begonnen. Auf Einladung des Geraer Wald-Eisenbahn-Vereins trafen sich die Leiter und F\u00f6rdervereinsvorsitzenden der elf Parkeisenbahnen zum Erfahrungsaustausch in G\u00f6rlitz.<\/p>\n\n\n\n<p>F\u00fcr ihre Einsatzbereitschaft wurden die jungen Parkeisenbahner vom F\u00f6rderverein mit einer Abschlussfahrt belohnt. Ziel war in diesem Jahr das Erzgebirge. Zu einer erlebnisreichen Tour ging es mit der Fichtelbergbahn auf der 17,4 Kilometer langen Strecke von Cranzahl hinauf nach Oberwiesenthal. Im Anschluss fuhr man mit der \u00e4ltesten Seilschwebebahn Deutschlands auf den Fichtelberg. Auch wenn die Fahrsaison der Parkeisenbahn zu Ende ist, wird es nicht ruhig an der Strecke im Martinsgrund. Derzeit laufen vor\u00fcbergehende Bauma\u00dfnahmen f\u00fcr den geplanten Carport. Damit der Fahrsaisoner\u00f6ffnung zu Ostern 2019 nichts im Wege steht, halten die Kinder und Jugendlichen ihre w\u00f6chentliche Weiterbildung im Schulungsraum ab. Im Januar werden dann die Neuanf\u00e4nger eingeladen. Wer Interesse am Hobby Eisenbahn hat, kann sich jederzeit bei dem F\u00f6rderverein melden.<\/p>\n\n\n\n<p>QUELLE: STADTVERWALTUNG<\/p>\n","protected":false},"excerpt":{"rendered":"<div class=\"mh-excerpt\"><p>Neben dem erfolgreichen Jahresabschluss des Tierparks Gera mit \u00fcber 150&#8217;000 Besuchern, konnten auch die Parkeisenbahner konnten eine sehr erfolgreiche Bilanz ziehen. \u201eDie Fahrsaison der Parkeisenbahn Gera ist beendet. Wir danken allen Fahrg\u00e4sten, Freunden und Sponsoren <a class=\"mh-excerpt-more\" href=\"https:\/\/www.studiogera.de\/001\/2019\/12\/30\/tierpark-eisenbahner-ziehen-positive-bilanz\/\" title=\"TIERPARK-EISENBAHNER ZIEHEN POSITIVE BILANZ\">[&#8230;]<\/a><\/p>\n<\/div>","protected":false},"author":2,"featured_media":9837,"comment_status":"open","ping_status":"open","sticky":false,"template":"","format":"standard","meta":{"footnotes":""},"categories":[8],"tags":[],"class_list":{"0":"post-9836","1":"post","2":"type-post","3":"status-publish","4":"format-standard","5":"has-post-thumbnail","7":"category-kultur"},"_links":{"self":[{"href":"https:\/\/www.studiogera.de\/001\/wp-json\/wp\/v2\/posts\/9836","targetHints":{"allow":["GET"]}}],"collection":[{"href":"https:\/\/www.studiogera.de\/001\/wp-json\/wp\/v2\/posts"}],"about":[{"href":"https:\/\/www.studiogera.de\/001\/wp-json\/wp\/v2\/types\/post"}],"author":[{"embeddable":true,"href":"https:\/\/www.studiogera.de\/001\/wp-json\/wp\/v2\/users\/2"}],"replies":[{"embeddable":true,"href":"https:\/\/www.studiogera.de\/001\/wp-json\/wp\/v2\/comments?post=9836"}],"version-history":[{"count":1,"href":"https:\/\/www.studiogera.de\/001\/wp-json\/wp\/v2\/posts\/9836\/revisions"}],"predecessor-version":[{"id":9838,"href":"https:\/\/www.studiogera.de\/001\/wp-json\/wp\/v2\/posts\/9836\/revisions\/9838"}],"wp:featuredmedia":[{"embeddable":true,"href":"https:\/\/www.studiogera.de\/001\/wp-json\/wp\/v2\/media\/9837"}],"wp:attachment":[{"href":"https:\/\/www.studiogera.de\/001\/wp-json\/wp\/v2\/media?parent=9836"}],"wp:term":[{"taxonomy":"category","embeddable":true,"href":"https:\/\/www.studiogera.de\/001\/wp-json\/wp\/v2\/categories?post=9836"},{"taxonomy":"post_tag","embeddable":true,"href":"https:\/\/www.studiogera.de\/001\/wp-json\/wp\/v2\/tags?post=9836"}],"curies":[{"name":"wp","href":"https:\/\/api.w.org\/{rel}","templated":true}]}}