{"id":9910,"date":"2020-01-04T22:45:54","date_gmt":"2020-01-04T21:45:54","guid":{"rendered":"http:\/\/www.studiogera.de\/001\/?p=9910"},"modified":"2020-01-04T22:45:56","modified_gmt":"2020-01-04T21:45:56","slug":"thueringer-staatsballett-auf-gastspielreise-in-frankreich","status":"publish","type":"post","link":"https:\/\/www.studiogera.de\/001\/2020\/01\/04\/thueringer-staatsballett-auf-gastspielreise-in-frankreich\/","title":{"rendered":"TH\u00dcRINGER STAATSBALLETT AUF GASTSPIELREISE IN FRANKREICH"},"content":{"rendered":"\n<p>Vom 17. bis 19. Januar 2020 pr\u00e4sentiert das Th\u00fcringer Staatsballett drei Auff\u00fchrungen von Silvana Schr\u00f6ders biografisch inspiriertem Ballettabend \u201ePiaf \u2013 La vie en rose\u201c am franz\u00f6sischen Op\u00e9ra-Th\u00e9\u00e2tre de Metz. Die Direktorin und Chefchoreografin des Th\u00fcringer Staatsballetts, Silvana Schr\u00f6der, schuf mit diesem Programm eine Hommage an \u00c9dith Giovanna Gassion (1915 bis 1963), die als \u00c9dith Piaf schon zu Lebzeiten zur Legende wurde. Sie sang von Liebe und von Tod, von Lebensgl\u00fcck und von Verzweiflung; sie verstand es, die Tragik ihres Lebens in ihrer Musik auszudr\u00fccken \u2014 allgemeing\u00fcltig und allgemeinverst\u00e4ndlich. Die Titelfigur wird dabei nicht nur getanzt, sondern als Verdoppelung auch live gesungen von Vasiliki Roussi. Die Chansons von Piaf und ihren Zeitgenossen werden begleitet von einer vierk\u00f6pfigen Band.<\/p>\n\n\n\n<p>Das Gastspiel ist der Austausch f\u00fcr den Besuch des Ballet de l&#8217;Op\u00e9ra de Metz M\u00e9tropole in Th\u00fcringen. Die Compagnie pr\u00e4sentierte zur Ballettfestwoche Ende Januar 2019 ihr Programm \u201eMozart \u00e1 2\/Carmen\u201c des Choreografen Thierry Malandain in Gera.<\/p>\n\n\n\n<p>Bereits 2017 kam \u00fcber den damaligen Manager und Dramaturgen der Ballettkompagnie des Theater Altenburg Gera, Dr. Daniel Siekhaus (nun Gesch\u00e4ftsf\u00fchrer der Wupptertaler B\u00fchnen), ein Kontakt zu einer franz\u00f6sischen Agentin zustande. Auf diese Weise wurden er und Silvana Schr\u00f6der an das Opernhaus Metz, im Nordosten Frankreichs, eingeladen.<\/p>\n\n\n\n<p>Das Opernhaus von Metz ist das \u00e4lteste bespielte Theater Frankreichs und eines der \u00e4ltesten Theaterbauten Europas. Seine Architektur und Ausstattung waren bezeichnend f\u00fcr das Zeitalter seiner Erbauung und dienten als Modell f\u00fcr zahlreiche kleine Theaterbauten des 18. Jahrhunderts. Zwischen 1732 und 1752 wurde es auf der \u00cele du Saulcy unter der Leitung des Metzer Architekten Jacques Oger errichtet, nachdem beschlossen worden war, das wenig b\u00fchnenpraktische und leistungsschwache Ballhaus in der Nexirue zu ersetzen. Am 3. Februar 1752 wurde das Geb\u00e4ude schlie\u00dflich durch einen gro\u00dfen Ball f\u00fcr die \u00d6ffentlichkeit, trotz noch nicht vollst\u00e4ndiger Dekorationen, eingeweiht.<\/p>\n\n\n\n<p>Drei Tage sp\u00e4ter fand die erste Auff\u00fchrung eines B\u00fchnenst\u00fcckes statt \u2014 wahrscheinlich Jean-Jacques Rousseaus Einakter Le Devin du Village (Der Dorfwahrsager). Zu den ber\u00fchmtesten Darstellerinnen, die auf der B\u00fchne des Hauses standen geh\u00f6rten, zum Beispiel, Rachel (eigtl. \u00c9lisa Rachel F\u00e9lix) in der Rolle der Ph\u00e8dra sowie Sarah Bernhardt als Tosca.<\/p>\n\n\n\n<p>Traditionell steht die Gesangskunst im Mittelpunkt der Auff\u00fchrungen am Opernhaus Metz, in dem j\u00e4hrlich zwischen 50 und 60 Vorstellungen bestritten werden. Derzeit verf\u00fcgt das Haus \u00fcber ungef\u00e4hr einhundert Mitarbeiterinnen und Mitarbeiter, darunter ein 24 Personen starkes Vokalensemble, ein Ballettensemble mit 14 T\u00e4nzerinnen und T\u00e4nzern sowie unterschiedliche Gewerke wie Dekorations- und Kost\u00fcmwerkst\u00e4tten, B\u00fchnentechnik, Maschinerie und Beleuchtung. Die k\u00fcnstlerische Leitung des Opernhauses liegt bei Paul-\u00c9mile Fourny.<\/p>\n\n\n\n<p>Seit 2012 leitet Laurence Bolsigner-May das dazugeh\u00f6rige Ensemble aus professionellen T\u00e4nzerinnen und T\u00e4nzern. Dessen Repertoire umfasst sowohl \u201aKlassiker\u2018 des Balletts wie Der Feuervogel oder Dornr\u00f6schen als auch moderne Tanzst\u00fccke zeitgen\u00f6ssischer Choreografen, beispielsweise Kirsten Debrock oder Thierry Malandain. Daneben veranstaltet die Kompagnie regelm\u00e4\u00dfig Abende f\u00fcr Nachwuchs-Choreografen, in denen die Ensemblemitglieder eigene Tanzkreationen pr\u00e4sentieren k\u00f6nnen. Neben Auftritten innerhalb und im Umland von Metz, war die Kompagnie bereits im s\u00fcdost-franz\u00f6sischen Theater von Orange, einem Amphitheater im r\u00f6mischen Stil, bei den Festspielen Les Chor\u00e9gies (Aida, 2017) sowie im Ausland, z. B. in Israel oder auf Malta, zu erleben.<\/p>\n\n\n\n<p>QUELLE: THEATER ALTENBURG-GERA GGMBH<\/p>\n","protected":false},"excerpt":{"rendered":"<div class=\"mh-excerpt\"><p>Vom 17. bis 19. Januar 2020 pr\u00e4sentiert das Th\u00fcringer Staatsballett drei Auff\u00fchrungen von Silvana Schr\u00f6ders biografisch inspiriertem Ballettabend \u201ePiaf \u2013 La vie en rose\u201c am franz\u00f6sischen Op\u00e9ra-Th\u00e9\u00e2tre de Metz. Die Direktorin und Chefchoreografin des Th\u00fcringer <a class=\"mh-excerpt-more\" href=\"https:\/\/www.studiogera.de\/001\/2020\/01\/04\/thueringer-staatsballett-auf-gastspielreise-in-frankreich\/\" title=\"TH\u00dcRINGER STAATSBALLETT AUF GASTSPIELREISE IN FRANKREICH\">[&#8230;]<\/a><\/p>\n<\/div>","protected":false},"author":2,"featured_media":9911,"comment_status":"open","ping_status":"open","sticky":false,"template":"","format":"standard","meta":{"footnotes":""},"categories":[15],"tags":[],"class_list":{"0":"post-9910","1":"post","2":"type-post","3":"status-publish","4":"format-standard","5":"has-post-thumbnail","7":"category-theater"},"_links":{"self":[{"href":"https:\/\/www.studiogera.de\/001\/wp-json\/wp\/v2\/posts\/9910","targetHints":{"allow":["GET"]}}],"collection":[{"href":"https:\/\/www.studiogera.de\/001\/wp-json\/wp\/v2\/posts"}],"about":[{"href":"https:\/\/www.studiogera.de\/001\/wp-json\/wp\/v2\/types\/post"}],"author":[{"embeddable":true,"href":"https:\/\/www.studiogera.de\/001\/wp-json\/wp\/v2\/users\/2"}],"replies":[{"embeddable":true,"href":"https:\/\/www.studiogera.de\/001\/wp-json\/wp\/v2\/comments?post=9910"}],"version-history":[{"count":1,"href":"https:\/\/www.studiogera.de\/001\/wp-json\/wp\/v2\/posts\/9910\/revisions"}],"predecessor-version":[{"id":9912,"href":"https:\/\/www.studiogera.de\/001\/wp-json\/wp\/v2\/posts\/9910\/revisions\/9912"}],"wp:featuredmedia":[{"embeddable":true,"href":"https:\/\/www.studiogera.de\/001\/wp-json\/wp\/v2\/media\/9911"}],"wp:attachment":[{"href":"https:\/\/www.studiogera.de\/001\/wp-json\/wp\/v2\/media?parent=9910"}],"wp:term":[{"taxonomy":"category","embeddable":true,"href":"https:\/\/www.studiogera.de\/001\/wp-json\/wp\/v2\/categories?post=9910"},{"taxonomy":"post_tag","embeddable":true,"href":"https:\/\/www.studiogera.de\/001\/wp-json\/wp\/v2\/tags?post=9910"}],"curies":[{"name":"wp","href":"https:\/\/api.w.org\/{rel}","templated":true}]}}