{"id":9922,"date":"2020-01-06T09:10:47","date_gmt":"2020-01-06T08:10:47","guid":{"rendered":"http:\/\/www.studiogera.de\/001\/?p=9922"},"modified":"2020-01-06T09:10:49","modified_gmt":"2020-01-06T08:10:49","slug":"schienenersatzverkehr-auf-der-linie-3","status":"publish","type":"post","link":"https:\/\/www.studiogera.de\/001\/2020\/01\/06\/schienenersatzverkehr-auf-der-linie-3\/","title":{"rendered":"SCHIENENERSATZVERKEHR AUF DER LINIE 3"},"content":{"rendered":"\n<p>Auf Schienenersatzverkehr m\u00fcssen sich die Fahrg\u00e4ste der Stra\u00dfenbahnlinie 3 zwischen Zentrum und Lusan\/Zeulsdorf vom 10. Januar ab 18 Uhr bis 13. Januar voraussichtlich 3 Uhr einstellen. W\u00e4hrend dieser Zeit verkehren Busse von der Heinrichstra\u00dfe (Bussteig D\/gr\u00fcner Steig) bis Wendeschleife Lusan\/Zeulsdorf.<\/p>\n\n\n\n<p>Notwendig wird die Einstellung des Stra\u00dfenbahnverkehrs, um Ver\u2013 und Entsorgungsleitungen sowie diverse Medien und Stromleitungen im offenen Verfahren unter dem zurzeit befahrenen Gleis hindurch zu verlegen.<br>\n<\/p>\n\n\n\n<p><br>\nAlle Haltestellen der Linie 3 in der Wiesestra\u00dfe werden bedient, jedoch teilweise mit kleinen Verschiebungen. F\u00fcr die Haltestellen \u201eAn der Spielwiese\u201c werden die jeweiligen Bushaltestellen in der Stra\u00dfe des Friedens angefahren und die Haltestelle \u201eOststra\u00dfe\u201c rutscht an die Kreuzung Prof.-Simmel-Stra\u00dfe\/Flurstra\u00dfe.<\/p>\n\n\n\n<p>Gr\u00f6\u00dfere Ver\u00e4nderungen in der Linienf\u00fchrung sind im Stadtteil Lusan zu beachten:<br>\n<\/p>\n\n\n\n<p>Die Haltestelle \u201eFu\u00dfg\u00e4ngerbr\u00fccke\u201c wird an die Kreuzung Wiesestra\u00dfe\/Uhlstra\u00dfe verlegt. Die Haltestelle \u201eLusan\/Laune\u201c wird durch den Schienenersatzverkehr nicht angefahren. Stattdessen verkehren die Busse durch die Zeulsdorfer Stra\u00dfe und bedienen die Haltestellen \u201eAhornstra\u00dfe\u201c und \u201eL\u00e4rchenstra\u00dfe\u201c zus\u00e4tzlich. Als Ersatz f\u00fcr die Haltestellen \u201eLusan\/Laune\u201c und \u201eZeulenrodaer Stra\u00dfe\u201c nutzen Sie bitte die Bushaltestelle \u201eZeulsdorfer Stra\u00dfe\u201c. Die Haltestellen \u201eBr\u00fcte\u201c, \u201eBruno-Brause-Stra\u00dfe\u201c und \u201eLusan\/Zeulsdorf\u201c werden w\u00e4hrend des Schienenersatzverkehrs an die N\u00fcrnberger Stra\u00dfe verlegt.<\/p>\n\n\n\n<p>Der&nbsp;GVB&nbsp;bittet um Beachtung der ge\u00e4nderten Abfahrts- und Ankunftszeiten des Schienenersatzverkehrs. Ab Lusan\/Zeulsdorf verkehren die Busse bis zu sieben Minuten fr\u00fcher und kommen bis zu vier Minuten sp\u00e4ter dort an. In der Heinrichstra\u00dfe werden alle Anschl\u00fcsse erreicht.<\/p>\n\n\n\n<p>Aber auch von und nach Bieblach Ost kommt es im Nachtverkehr zu ge\u00e4nderten Abfahrtzeiten. So verkehren die Fahrten 1.27 Uhr ab Heinrichstra\u00dfe und 1.45 Uhr ab Bieblach Ost durchgehend zwei Minuten fr\u00fcher. Die letzte Fahrt nach bzw. von Bieblach Ost verkehrt dagegen sechs Minuten sp\u00e4ter.<\/p>\n\n\n\n<p>Am Freitag verkehren die Fahrten 17.22 Uhr und 17.30 Uhr ab Heinrichstra\u00dfe nicht bis Wendeschleife Lusan\/Zeulsdorf, sondern enden bereits an der Wendeschleife Br\u00fcte. In Richtung Bieblach verkehrt am Freitag die Fahrt 17.37 Uhr und Sonntag die Fahrt 0.50 Uhr ab Heinrichstra\u00dfe nur bis zur Dualen Hochschule. Der Abschnitt bis Bieblach Ost entf\u00e4llt auf diesen beiden Fahrten.<\/p>\n\n\n\n<p>Auch auf der Linie 1 kommt es zu kleineren \u00c4nderungen. Hier jedoch in Form von zus\u00e4tzlichen Fahrten zwischen Heinrichstra\u00dfe und Untermhaus in den Nacht- und Morgenstunden. Weiterhin verkehren am Wochenende die Fahrten 18.44 Uhr ab Zw\u00f6tzen f\u00fcnf Minuten sp\u00e4ter, daf\u00fcr aber bis Untermhaus. Auf der Linie 2 entf\u00e4llt die letzte Fahrt von Lusan zum Bahnhof Zw\u00f6tzen.<\/p>\n\n\n\n<p>Alle Fahrpl\u00e4ne f\u00fcr den Schienenersatzverkehr sowie die Linien 1, 2 und 3 finden Sie auf der Seite\u00a0<a href=\"https:\/\/www.gvbgera.de\/fahrplanauskunft\/sonderfahrplaene\/\">www.gvbgera.de\/fahrplanauskunft\/sonderfahrplaene<\/a>.<\/p>\n\n\n\n<p>QUELLE: GERAER VERKEHRSBETRIEB<\/p>\n","protected":false},"excerpt":{"rendered":"<div class=\"mh-excerpt\"><p>Auf Schienenersatzverkehr m\u00fcssen sich die Fahrg\u00e4ste der Stra\u00dfenbahnlinie 3 zwischen Zentrum und Lusan\/Zeulsdorf vom 10. Januar ab 18 Uhr bis 13. Januar voraussichtlich 3 Uhr einstellen. W\u00e4hrend dieser Zeit verkehren Busse von der Heinrichstra\u00dfe (Bussteig <a class=\"mh-excerpt-more\" href=\"https:\/\/www.studiogera.de\/001\/2020\/01\/06\/schienenersatzverkehr-auf-der-linie-3\/\" title=\"SCHIENENERSATZVERKEHR AUF DER LINIE 3\">[&#8230;]<\/a><\/p>\n<\/div>","protected":false},"author":3,"featured_media":6669,"comment_status":"open","ping_status":"open","sticky":false,"template":"","format":"standard","meta":{"footnotes":""},"categories":[16],"tags":[],"class_list":{"0":"post-9922","1":"post","2":"type-post","3":"status-publish","4":"format-standard","5":"has-post-thumbnail","7":"category-kurzmitteilungen"},"_links":{"self":[{"href":"https:\/\/www.studiogera.de\/001\/wp-json\/wp\/v2\/posts\/9922","targetHints":{"allow":["GET"]}}],"collection":[{"href":"https:\/\/www.studiogera.de\/001\/wp-json\/wp\/v2\/posts"}],"about":[{"href":"https:\/\/www.studiogera.de\/001\/wp-json\/wp\/v2\/types\/post"}],"author":[{"embeddable":true,"href":"https:\/\/www.studiogera.de\/001\/wp-json\/wp\/v2\/users\/3"}],"replies":[{"embeddable":true,"href":"https:\/\/www.studiogera.de\/001\/wp-json\/wp\/v2\/comments?post=9922"}],"version-history":[{"count":1,"href":"https:\/\/www.studiogera.de\/001\/wp-json\/wp\/v2\/posts\/9922\/revisions"}],"predecessor-version":[{"id":9923,"href":"https:\/\/www.studiogera.de\/001\/wp-json\/wp\/v2\/posts\/9922\/revisions\/9923"}],"wp:featuredmedia":[{"embeddable":true,"href":"https:\/\/www.studiogera.de\/001\/wp-json\/wp\/v2\/media\/6669"}],"wp:attachment":[{"href":"https:\/\/www.studiogera.de\/001\/wp-json\/wp\/v2\/media?parent=9922"}],"wp:term":[{"taxonomy":"category","embeddable":true,"href":"https:\/\/www.studiogera.de\/001\/wp-json\/wp\/v2\/categories?post=9922"},{"taxonomy":"post_tag","embeddable":true,"href":"https:\/\/www.studiogera.de\/001\/wp-json\/wp\/v2\/tags?post=9922"}],"curies":[{"name":"wp","href":"https:\/\/api.w.org\/{rel}","templated":true}]}}