{"id":9938,"date":"2020-01-07T11:15:58","date_gmt":"2020-01-07T10:15:58","guid":{"rendered":"http:\/\/www.studiogera.de\/001\/?p=9938"},"modified":"2020-01-07T11:50:29","modified_gmt":"2020-01-07T10:50:29","slug":"sitzungstermine-des-stadtrates-und-seiner-ausschuesse","status":"publish","type":"post","link":"https:\/\/www.studiogera.de\/001\/2020\/01\/07\/sitzungstermine-des-stadtrates-und-seiner-ausschuesse\/","title":{"rendered":"SITZUNGSTERMINE DES STADTRATES UND SEINER AUSSCH\u00dcSSE"},"content":{"rendered":"\n<p>Der nachfolgende Kalender enth\u00e4lt die ge\u00e4nderten Sitzungstermine des Stadtrates und seiner Aussch\u00fcsse f\u00fcr das Jahr 2020. Herausgeber ist die Geraer Stadtverwaltung.<\/p>\n\n\n\n<div class=\"wp-block-file\"><a href=\"http:\/\/www.studiogera.de\/001\/wp-content\/uploads\/2020\/01\/KALENDER.pdf\">KALENDER<\/a><a href=\"http:\/\/www.studiogera.de\/001\/wp-content\/uploads\/2020\/01\/KALENDER.pdf\" class=\"wp-block-file__button\" download>Herunterladen<\/a><\/div>\n","protected":false},"excerpt":{"rendered":"<div class=\"mh-excerpt\"><p>Der nachfolgende Kalender enth\u00e4lt die ge\u00e4nderten Sitzungstermine des Stadtrates und seiner Aussch\u00fcsse f\u00fcr das Jahr 2020. Herausgeber ist die Geraer Stadtverwaltung.<\/p>\n<\/div>","protected":false},"author":2,"featured_media":4733,"comment_status":"open","ping_status":"open","sticky":false,"template":"","format":"standard","meta":{"footnotes":""},"categories":[16],"tags":[],"class_list":{"0":"post-9938","1":"post","2":"type-post","3":"status-publish","4":"format-standard","5":"has-post-thumbnail","7":"category-kurzmitteilungen"},"_links":{"self":[{"href":"https:\/\/www.studiogera.de\/001\/wp-json\/wp\/v2\/posts\/9938","targetHints":{"allow":["GET"]}}],"collection":[{"href":"https:\/\/www.studiogera.de\/001\/wp-json\/wp\/v2\/posts"}],"about":[{"href":"https:\/\/www.studiogera.de\/001\/wp-json\/wp\/v2\/types\/post"}],"author":[{"embeddable":true,"href":"https:\/\/www.studiogera.de\/001\/wp-json\/wp\/v2\/users\/2"}],"replies":[{"embeddable":true,"href":"https:\/\/www.studiogera.de\/001\/wp-json\/wp\/v2\/comments?post=9938"}],"version-history":[{"count":2,"href":"https:\/\/www.studiogera.de\/001\/wp-json\/wp\/v2\/posts\/9938\/revisions"}],"predecessor-version":[{"id":9941,"href":"https:\/\/www.studiogera.de\/001\/wp-json\/wp\/v2\/posts\/9938\/revisions\/9941"}],"wp:featuredmedia":[{"embeddable":true,"href":"https:\/\/www.studiogera.de\/001\/wp-json\/wp\/v2\/media\/4733"}],"wp:attachment":[{"href":"https:\/\/www.studiogera.de\/001\/wp-json\/wp\/v2\/media?parent=9938"}],"wp:term":[{"taxonomy":"category","embeddable":true,"href":"https:\/\/www.studiogera.de\/001\/wp-json\/wp\/v2\/categories?post=9938"},{"taxonomy":"post_tag","embeddable":true,"href":"https:\/\/www.studiogera.de\/001\/wp-json\/wp\/v2\/tags?post=9938"}],"curies":[{"name":"wp","href":"https:\/\/api.w.org\/{rel}","templated":true}]}}